{"id":8027,"date":"2017-05-30T10:03:41","date_gmt":"2017-05-30T14:03:41","guid":{"rendered":"https:\/\/aws.psycho-ressources.com\/blog\/?p=8027"},"modified":"2017-06-15T13:22:02","modified_gmt":"2017-06-15T17:22:02","slug":"apaisement-emotionnel","status":"publish","type":"post","link":"https:\/\/www.psycho-ressources.com\/blog\/apaisement-emotionnel\/","title":{"rendered":"Apaisement \u00e9motionnel par le Toucher Energ\u00e9tique (15-17 juillet 17, Fr.)"},"content":{"rendered":"<p><strong>FORMATION<br \/>\n<span style=\"color: #333399;\">Apaisement \u00e9motionnel par le Toucher Energ\u00e9tique<\/span><\/strong><\/p>\n<p><a href=\"https:\/\/aws.psycho-ressources.com\/blog\/wp-content\/uploads\/2017\/05\/image-apaisement-AR.jpg\"><img loading=\"lazy\" decoding=\"async\" class=\"alignright size-full wp-image-8948\" src=\"https:\/\/aws.psycho-ressources.com\/blog\/wp-content\/uploads\/2017\/05\/image-apaisement-AR.jpg\" alt=\"image-apaisement-AR\" width=\"347\" height=\"316\" srcset=\"https:\/\/www.psycho-ressources.com\/blog\/wp-content\/uploads\/2017\/05\/image-apaisement-AR.jpg 347w, https:\/\/www.psycho-ressources.com\/blog\/wp-content\/uploads\/2017\/05\/image-apaisement-AR-300x273.jpg 300w\" sizes=\"auto, (max-width: 347px) 100vw, 347px\" \/><\/a>L\u2019\u00e9nergie \u00e9motionnelle est reli\u00e9e \u00e0 l\u2019\u00e9tat de paix profonde qui s\u2019installe lorsque la sph\u00e8re affective est calme. Cette formation permet d\u2019apprendre \u00e0 r\u00e9guler l\u2019\u00e9nergie corporelle qui se bloque quand les \u00e9motions sont refoul\u00e9es ou r\u00e9prim\u00e9es, ou qui est en exc\u00e8s quand les \u00e9motions sont ing\u00e9rables. Cette r\u00e9gulation permet ainsi de retrouver de la l\u00e9g\u00e8ret\u00e9 int\u00e9rieure et de la joie naturelle.<\/p>\n<p>Principe de base d\u2019une s\u00e9ance d\u2019Apaisement Emotionnel par le Toucher Energ\u00e9tique : Confortablement install\u00e9 sur une table de massage, en restant habill\u00e9, le receveur vit une d\u00e9tente, avec un profond sentiment de paix qui s\u2019installe au fur et \u00e0 mesure que la s\u00e9ance progresse. Dans une s\u00e9ance \u00e9motionnelle de base, le praticien s\u2019occupe de d\u00e9cristalliser les \u00e9nergies \u00e9motionnelles r\u00e9prim\u00e9es dans le corps, en appuyant sur diff\u00e9rents points corporels, et permet ensuite une dynamisation d\u2019\u00e9nergie positive par l\u2019interm\u00e9diaire de ces m\u00eames points. Dans une s\u00e9ance plus avanc\u00e9e, le praticien fait un travail de r\u00e9gulation au niveau du champ \u00e9nerg\u00e9tique, afin de d\u00e9faire les r\u00e9sonances pr\u00e9sentes \u00e0 ce niveau plus subtil de l\u2019\u00eatre. Gr\u00e2ce \u00e0 ce v\u00e9ritable travail de nettoyage \u00e9motionnel, le receveur se sent plus l\u00e9ger, plus calme et retrouve alors la joie des jours heureux.<\/p>\n<p><strong>Objectifs<\/strong><\/p>\n<ul>\n<li>Conna\u00eetre les r\u00e9gions physiques en relation avec les types d\u2019\u00e9motions \u00ab n\u00e9gatives \u00bb r\u00e9prim\u00e9es \u00e9nerg\u00e9tiquement, pour rel\u00e2cher les blocages \u00e9nerg\u00e9tiques et renforcer des \u00e9nergies \u00e9motionnelles positives<\/li>\n<li>Comprendre l\u2019interrelation entre le champ \u00e9nerg\u00e9tique et les situations v\u00e9cues et appliquer une m\u00e9thode pour le r\u00e9\u00e9quilibrer<\/li>\n<li>D\u00e9velopper la perception et le d\u00e9codage de l\u2019\u00e9nergie<\/li>\n<\/ul>\n<p>Dur\u00e9e : 3 jours<br \/>\nDates : de 9h30 \u00e0 17h30 \u2013 Accueil \u00e0 partir de 9h15<br \/>\n15 au 17 juillet 2017<br \/>\nLieu : Montereau F\/Yonne &#8211; 77 &#8211; Sud Seine-et-Marne<\/p>\n<p>Tarif : 675 euros TTC (dont 20% TVA)<br \/>\nAnimatrice : Patricia Penot<\/p>\n<p><strong>Contenu<\/strong><\/p>\n<p>Cette journ\u00e9e va vous permettre autant de donner que de recevoir. Nous aborderons:<\/p>\n<ul>\n<li>La sph\u00e8re affective. Diff\u00e9rence entre \u00e9motions et sentiments.<\/li>\n<li>La gestion des \u00e9motions d\u2019un point de vue psychologique et le retentissement sur la sph\u00e8re \u00e9nerg\u00e9tique.<\/li>\n<li>Les \u00e9motions\/sentiments dits \u00ab n\u00e9gatifs \u00bb et leur contrepartie \u00ab positives \u00bb ou Hado compl\u00e9mentaires.<\/li>\n<li>L\u2019eau et les \u00e9motions selon les \u00e9tudes de Masaru Emoto.<\/li>\n<li>Emotions et localisations physiques.<\/li>\n<li>ADN et \u00e9motions selon les \u00e9tudes am\u00e9ricaines sur les \u00ab brins vibratoires \u00bb.<\/li>\n<li>Impact des \u00e9motions dans le champ \u00e9nerg\u00e9tique.<\/li>\n<li>Les diff\u00e9rentes perceptions \u00e9nerg\u00e9tiques dans le champ d\u2019\u00e9nergie et leurs d\u00e9codages.<\/li>\n<li>Principe, d\u00e9roulement et application pratique d\u2019une s\u00e9ance de r\u00e9\u00e9quilibrage \u00e9motionnel au niveau du corps physique.<\/li>\n<li>Principe, d\u00e9roulement et application pratique d\u2019une s\u00e9ance de r\u00e9\u00e9quilibrage \u00e9motionnel dans le champ d\u2019\u00e9nergie.<\/li>\n<\/ul>\n<p>Tous les d\u00e9tails et pour vous inscrire:<br \/>\n&#8211; <a href=\"https:\/\/reqilibre.com\/reequilibrage-emotionnel-energetique\/\" target=\"_blank\">https:\/\/reqilibre.com\/reequilibrage-emotionnel-energetique\/<\/a><\/p>\n<p><strong><a href=\"https:\/\/aws.psycho-ressources.com\/blog\/wp-content\/uploads\/2017\/03\/photo-patricia-penot-sm.jpg\"><img loading=\"lazy\" decoding=\"async\" class=\"size-full wp-image-8030 alignleft\" src=\"https:\/\/aws.psycho-ressources.com\/blog\/wp-content\/uploads\/2017\/03\/photo-patricia-penot-sm.jpg\" alt=\"photo-patricia-penot-sm\" width=\"292\" height=\"216\" \/><\/a>UN PEU PLUS SUR PATRICIA \u2026<\/strong><\/p>\n<p style=\"text-align: left;\">Fondatrice et Directrice du Centre \u00c9volution Formation<br \/>\nSophrologue Humaniste Expert \u00ae<br \/>\nCoach \u00c9motionnelle EFT \u2013 \u00c9nerg\u00e9ticienne<br \/>\nFormatrice \u2013 Auteure \u2013 Conf\u00e9renci\u00e8re \u2013 Blogueuse<\/p>\n<p>&nbsp;<\/p>\n<p>Page de Patricia Penot sur le Blog de Psycho-Ressources<br \/>\n\u2013 <a href=\"https:\/\/aws.psycho-ressources.com\/blog\/patricia-penot\/\" target=\"_blank\">https:\/\/aws.psycho-ressources.com\/blog\/patricia-penot\/<\/a><\/p>\n<p>Blog \u00ab Authentique et Libre \u00bb Articles, vid\u00e9os, ateliers, conf\u00e9rences, livres.<br \/>\n\u2013 <a href=\"http:\/\/authentiqueetlibre.com\" target=\"_blank\">http:\/\/authentiqueetlibre.com<\/a><\/p>\n<p>Patricia Penot<br \/>\nEmail: <a href=\"mailto:pa.penot@orange.fr\">pa.penot@orange.fr<\/a><\/p>\n<a href='http:\/\/twitter.com\/share' class='twitter-share-button' data-text='Apaisement \u00e9motionnel par le Toucher Energ\u00e9tique (15-17 juillet 17, Fr.)' data-url='https:\/\/www.psycho-ressources.com\/blog\/?p=8027' data-counturl='https:\/\/www.psycho-ressources.com\/blog\/apaisement-emotionnel\/' data-count='horizontal' data-via='LesPSY'>Tweet<\/a>","protected":false},"excerpt":{"rendered":"<p>FORMATION Apaisement \u00e9motionnel par le Toucher Energ\u00e9tique L\u2019\u00e9nergie \u00e9motionnelle est reli\u00e9e \u00e0 l\u2019\u00e9tat de paix profonde qui s\u2019installe lorsque la sph\u00e8re affective est calme. Cette formation permet d\u2019apprendre \u00e0 r\u00e9guler l\u2019\u00e9nergie corporelle qui se bloque quand les \u00e9motions sont refoul\u00e9es &hellip; <a href=\"https:\/\/www.psycho-ressources.com\/blog\/apaisement-emotionnel\/\">Continuer la lecture <span class=\"meta-nav\">&rarr;<\/span><\/a><\/p>\n","protected":false},"author":1,"featured_media":0,"comment_status":"closed","ping_status":"closed","sticky":false,"template":"","format":"standard","meta":{"_monsterinsights_skip_tracking":false,"_monsterinsights_sitenote_active":false,"_monsterinsights_sitenote_note":"","_monsterinsights_sitenote_category":0,"footnotes":""},"categories":[18,10],"tags":[1800,159,910,761,598,496,242,979,182,588],"class_list":["post-8027","post","type-post","status-publish","format-standard","hentry","category-actualites-psychologie","category-ateliers-croissance","tag-decodage","tag-emotion","tag-emotionnel","tag-energetique","tag-energie","tag-equilibre","tag-formation","tag-paix","tag-stage","tag-toucher"],"aioseo_notices":[],"_links":{"self":[{"href":"https:\/\/www.psycho-ressources.com\/blog\/wp-json\/wp\/v2\/posts\/8027","targetHints":{"allow":["GET"]}}],"collection":[{"href":"https:\/\/www.psycho-ressources.com\/blog\/wp-json\/wp\/v2\/posts"}],"about":[{"href":"https:\/\/www.psycho-ressources.com\/blog\/wp-json\/wp\/v2\/types\/post"}],"author":[{"embeddable":true,"href":"https:\/\/www.psycho-ressources.com\/blog\/wp-json\/wp\/v2\/users\/1"}],"replies":[{"embeddable":true,"href":"https:\/\/www.psycho-ressources.com\/blog\/wp-json\/wp\/v2\/comments?post=8027"}],"version-history":[{"count":8,"href":"https:\/\/www.psycho-ressources.com\/blog\/wp-json\/wp\/v2\/posts\/8027\/revisions"}],"predecessor-version":[{"id":8950,"href":"https:\/\/www.psycho-ressources.com\/blog\/wp-json\/wp\/v2\/posts\/8027\/revisions\/8950"}],"wp:attachment":[{"href":"https:\/\/www.psycho-ressources.com\/blog\/wp-json\/wp\/v2\/media?parent=8027"}],"wp:term":[{"taxonomy":"category","embeddable":true,"href":"https:\/\/www.psycho-ressources.com\/blog\/wp-json\/wp\/v2\/categories?post=8027"},{"taxonomy":"post_tag","embeddable":true,"href":"https:\/\/www.psycho-ressources.com\/blog\/wp-json\/wp\/v2\/tags?post=8027"}],"curies":[{"name":"wp","href":"https:\/\/api.w.org\/{rel}","templated":true}]}}