{"id":6858,"date":"2016-02-13T11:52:30","date_gmt":"2016-02-13T16:52:30","guid":{"rendered":"https:\/\/aws.psycho-ressources.com\/blog\/?p=6858"},"modified":"2016-02-13T11:52:30","modified_gmt":"2016-02-13T16:52:30","slug":"la-vie-apres-toi","status":"publish","type":"post","link":"https:\/\/www.psycho-ressources.com\/blog\/la-vie-apres-toi\/","title":{"rendered":"&#8230; Ta derni\u00e8re semaine. Claudine Paquet"},"content":{"rendered":"<p><a href=\"https:\/\/aws.psycho-ressources.com\/blog\/wp-content\/uploads\/2016\/02\/couvert-vie-apres-toi.jpg\"><img loading=\"lazy\" decoding=\"async\" class=\"alignleft size-full wp-image-6859\" title=\"couvert-vie-apres-toi\" src=\"https:\/\/aws.psycho-ressources.com\/blog\/wp-content\/uploads\/2016\/02\/couvert-vie-apres-toi.jpg\" alt=\"\" width=\"280\" height=\"300\" \/><\/a><strong><span style=\"color: #000080;\">L\u2019Ab\u00e9c\u00e9daire de la vie apr\u00e8s toi<\/span><\/strong><br \/>\nTexte et photographies de <span style=\"color: #000080;\"><em>Claudine Paquet<br \/>\n<\/em><\/span>\u00c9ditions Pierre Tisseyre<\/p>\n<p>LA R\u00c9PONSE DE CLAUDINE PAQUET \u00c0 \u00abPOURQUOI DES AB\u00c9C\u00c9DAIRES\u00bb? Je ne sais pas. Jamais je n\u2019avais song\u00e9 \u00e0 \u00e9crire un ab\u00e9c\u00e9daire avant ce jour-l\u00e0. C\u2019\u00e9tait comme un appel. Ma soeur venait de mourir. Et moi, je venais de vivre avec elle sa derni\u00e8re semaine. Quelques heures plus tard, sur la route en revenant chez moi, je n\u2019\u00e9tais plus qu\u2019un bloc de peine. Un torrent de larmes. Dans ma t\u00eate, sans que je sache pourquoi, et je me le demande encore, je r\u00e9p\u00e9tais sans fin les lettres de l\u2019alphabet. A, B, C&#8230; Aux voyelles et aux consonnes, je joignais des mots et tout se rattachait aux derniers jours d\u2019existence de ma soeur. Je suppose que cet alphabet qui d\u00e9filait sans cesse repr\u00e9sentait une fa\u00e7on de ne pas sombrer. Rester debout et m\u2019agripper aux pattes du A, aux rondeurs du B, au croissant de lune du C, au point du I, aux vagues du M&#8230; pour ne pas tomber. Je devais reb\u00e2tir le monde malgr\u00e9 ce qu\u2019on venait de m\u2019arracher. Claudine Paquet nous offre ainsi \u00e0 lire deux ab\u00e9c\u00e9daires, t\u00e9moignages lumineux des points tournants v\u00e9cus lors d\u2019un deuil. Une fa\u00e7on unique, salvatrice d\u2019apprivoiser l\u2019id\u00e9e de la mort, de survivre \u00e0 la perte d\u2019un \u00eatre cher. Une lecture touchante, \u00e9mouvante qui fait du bien, et qui est magnifiquement illustr\u00e9e de photographies inspirantes prises par l\u2019auteure.<\/p>\n<p>Prix &#8211; 24,95$<br \/>\n172 pages<br \/>\nISBN: 978-2-89633-341-7<\/p>\n<a href='http:\/\/twitter.com\/share' class='twitter-share-button' data-text='... Ta derni\u00e8re semaine. Claudine Paquet' data-url='https:\/\/www.psycho-ressources.com\/blog\/?p=6858' data-counturl='https:\/\/www.psycho-ressources.com\/blog\/la-vie-apres-toi\/' data-count='horizontal' data-via='LesPSY'>Tweet<\/a>","protected":false},"excerpt":{"rendered":"<p>L\u2019Ab\u00e9c\u00e9daire de la vie apr\u00e8s toi Texte et photographies de Claudine Paquet \u00c9ditions Pierre Tisseyre LA R\u00c9PONSE DE CLAUDINE PAQUET \u00c0 \u00abPOURQUOI DES AB\u00c9C\u00c9DAIRES\u00bb? Je ne sais pas. Jamais je n\u2019avais song\u00e9 \u00e0 \u00e9crire un ab\u00e9c\u00e9daire avant ce jour-l\u00e0. C\u2019\u00e9tait &hellip; <a href=\"https:\/\/www.psycho-ressources.com\/blog\/la-vie-apres-toi\/\">Continuer la lecture <span class=\"meta-nav\">&rarr;<\/span><\/a><\/p>\n","protected":false},"author":1,"featured_media":0,"comment_status":"closed","ping_status":"closed","sticky":false,"template":"","format":"standard","meta":{"_monsterinsights_skip_tracking":false,"_monsterinsights_sitenote_active":false,"_monsterinsights_sitenote_note":"","_monsterinsights_sitenote_category":0,"footnotes":""},"categories":[18,7,6],"tags":[2099,2464,98,2102,466,101,2610,103,205],"class_list":["post-6858","post","type-post","status-publish","format-standard","hentry","category-actualites-psychologie","category-livres","category-publications","tag-deces","tag-depart","tag-deuil","tag-endeuille","tag-guerison","tag-mort","tag-poesie","tag-tristesse","tag-vie"],"aioseo_notices":[],"_links":{"self":[{"href":"https:\/\/www.psycho-ressources.com\/blog\/wp-json\/wp\/v2\/posts\/6858","targetHints":{"allow":["GET"]}}],"collection":[{"href":"https:\/\/www.psycho-ressources.com\/blog\/wp-json\/wp\/v2\/posts"}],"about":[{"href":"https:\/\/www.psycho-ressources.com\/blog\/wp-json\/wp\/v2\/types\/post"}],"author":[{"embeddable":true,"href":"https:\/\/www.psycho-ressources.com\/blog\/wp-json\/wp\/v2\/users\/1"}],"replies":[{"embeddable":true,"href":"https:\/\/www.psycho-ressources.com\/blog\/wp-json\/wp\/v2\/comments?post=6858"}],"version-history":[{"count":1,"href":"https:\/\/www.psycho-ressources.com\/blog\/wp-json\/wp\/v2\/posts\/6858\/revisions"}],"predecessor-version":[{"id":6860,"href":"https:\/\/www.psycho-ressources.com\/blog\/wp-json\/wp\/v2\/posts\/6858\/revisions\/6860"}],"wp:attachment":[{"href":"https:\/\/www.psycho-ressources.com\/blog\/wp-json\/wp\/v2\/media?parent=6858"}],"wp:term":[{"taxonomy":"category","embeddable":true,"href":"https:\/\/www.psycho-ressources.com\/blog\/wp-json\/wp\/v2\/categories?post=6858"},{"taxonomy":"post_tag","embeddable":true,"href":"https:\/\/www.psycho-ressources.com\/blog\/wp-json\/wp\/v2\/tags?post=6858"}],"curies":[{"name":"wp","href":"https:\/\/api.w.org\/{rel}","templated":true}]}}