{"id":6454,"date":"2015-10-29T08:29:50","date_gmt":"2015-10-29T12:29:50","guid":{"rendered":"https:\/\/aws.psycho-ressources.com\/blog\/?p=6454"},"modified":"2017-05-09T17:14:04","modified_gmt":"2017-05-09T21:14:04","slug":"maladies-mentales","status":"publish","type":"post","link":"https:\/\/www.psycho-ressources.com\/blog\/maladies-mentales\/","title":{"rendered":"Maladies mentales: \u00e9viter de sombrer"},"content":{"rendered":"<p><strong>Maladies mentales: \u00e9viter de sombrer<br \/>\n<\/strong>Publi\u00e9 le 27 octobre 2015 \u00e0 14h13<br \/>\n<strong>Isabelle Dub\u00e9 &#8211; <span style=\"color: #ff0000;\">LaPresse.ca<\/span><\/strong><\/p>\n<p>EXTRAIT : \u00ab\u00a0Elle n&rsquo;est pas contagieuse, mais touche lourdement ceux qui vivent avec le malade, notamment en raison des pr\u00e9jug\u00e9s de la soci\u00e9t\u00e9. Comment faire pour tenir le coup lorsqu&rsquo;un de nos proches est atteint d&rsquo;une maladie mentale ? O\u00f9 trouver les ressources pour garder le moral et \u00e9viter \u00e0 notre tour de sombrer ? Isabelle Dub\u00e9 fait le point.<\/p>\n<p>Selon un sondage men\u00e9 par l&rsquo;Association m\u00e9dicale canadienne en 2008, 50% des Canadiens n&rsquo;avoueraient pas qu&rsquo;un membre de leur famille a une maladie mentale, contrairement \u00e0 72% pour un cancer. Aujourd&rsquo;hui, le combat contre les pr\u00e9jug\u00e9s envers les personnes atteintes de probl\u00e8mes de sant\u00e9 mentale est loin d&rsquo;\u00eatre termin\u00e9. La F\u00e9d\u00e9ration des familles et amis de la personne atteinte de maladie mentale (FFAPAMM) r\u00eave que la stigmatisation cesse et que les aidants ne vivent plus la honte.<\/p>\n<p>\u00abQuand deux voitures de police et une ambulance d\u00e9barquent chez toi, ce n&rsquo;est pas discret, raconte Pierre. Les voisins assistent \u00e0 la sc\u00e8ne et jugent. C&rsquo;est comme une histoire de l\u00e9preux.\u00bb L&rsquo;homme de 67 ans a un fils atteint de schizophr\u00e9nie. Les pr\u00e9jug\u00e9s de la soci\u00e9t\u00e9 envers les personnes souffrant de maladie mentale, il les conna\u00eet. Depuis que son fils a re\u00e7u son diagnostic, il y a une dizaine d&rsquo;ann\u00e9es, Pierre a tout fait pour ne pas tomber dans l&rsquo;autostigmatisation. \u00a0\u00bb [&#8230;]<\/p>\n<p>LISEZ LA SUITE DANS LAPRESSE.CA<br \/>\n&#8211; <a href=\"http:\/\/www.lapresse.ca - \u00c9viter de sombrer\">http:\/\/www.lapresse.ca &#8211; \u00c9viter de sombrer<\/a><\/p>\n<a href='http:\/\/twitter.com\/share' class='twitter-share-button' data-text='Maladies mentales: \u00e9viter de sombrer' data-url='https:\/\/www.psycho-ressources.com\/blog\/?p=6454' data-counturl='https:\/\/www.psycho-ressources.com\/blog\/maladies-mentales\/' data-count='horizontal' data-via='LesPSY'>Tweet<\/a>","protected":false},"excerpt":{"rendered":"<p>Maladies mentales: \u00e9viter de sombrer Publi\u00e9 le 27 octobre 2015 \u00e0 14h13 Isabelle Dub\u00e9 &#8211; LaPresse.ca EXTRAIT : \u00ab\u00a0Elle n&rsquo;est pas contagieuse, mais touche lourdement ceux qui vivent avec le malade, notamment en raison des pr\u00e9jug\u00e9s de la soci\u00e9t\u00e9. Comment &hellip; <a href=\"https:\/\/www.psycho-ressources.com\/blog\/maladies-mentales\/\">Continuer la lecture <span class=\"meta-nav\">&rarr;<\/span><\/a><\/p>\n","protected":false},"author":1,"featured_media":0,"comment_status":"closed","ping_status":"closed","sticky":false,"template":"","format":"standard","meta":{"_monsterinsights_skip_tracking":false,"_monsterinsights_sitenote_active":false,"_monsterinsights_sitenote_note":"","_monsterinsights_sitenote_category":0,"footnotes":""},"categories":[18,13,15],"tags":[481,2239,99,2288,2526,2527,40,72,252],"class_list":["post-6454","post","type-post","status-publish","format-standard","hentry","category-actualites-psychologie","category-articles-thematiques","category-problematiques-variees","tag-anxiete","tag-anxieux","tag-depression","tag-detresse","tag-maladies","tag-mentales","tag-psychologique","tag-schizophrenie","tag-troubles"],"aioseo_notices":[],"aioseo_head":"\n\t\t<!-- All in One SEO 4.9.10 - aioseo.com -->\n\t<meta name=\"description\" content=\"Maladies mentales: \u00e9viter de sombrer Publi\u00e9 le 27 octobre 2015 \u00e0 14h13 Isabelle Dub\u00e9 - LaPresse.ca EXTRAIT : &quot;Elle n&#039;est pas contagieuse, mais touche lourdement ceux qui vivent avec le malade, notamment en raison des pr\u00e9jug\u00e9s de la soci\u00e9t\u00e9. Comment faire pour tenir le coup lorsqu&#039;un de nos proches est atteint d&#039;une maladie mentale ?\" \/>\n\t<meta name=\"robots\" content=\"max-image-preview:large\" \/>\n\t<meta name=\"author\" content=\"AlainWM\"\/>\n\t<link rel=\"canonical\" href=\"https:\/\/www.psycho-ressources.com\/blog\/maladies-mentales\/\" \/>\n\t<meta name=\"generator\" content=\"All in One SEO (AIOSEO) 4.9.10\" \/>\n\t\t<meta property=\"og:locale\" content=\"fr_FR\" \/>\n\t\t<meta property=\"og:site_name\" content=\"Blog.Psycho-Ressources - Psychologie | Blogue du bottin francophone des professionnels de la psychologie.\" \/>\n\t\t<meta property=\"og:type\" content=\"article\" \/>\n\t\t<meta property=\"og:title\" content=\"Maladies mentales: \u00e9viter de sombrer | Blog.Psycho-Ressources - Psychologie\" \/>\n\t\t<meta property=\"og:description\" content=\"Maladies mentales: \u00e9viter de sombrer Publi\u00e9 le 27 octobre 2015 \u00e0 14h13 Isabelle Dub\u00e9 - LaPresse.ca EXTRAIT : &quot;Elle n&#039;est pas contagieuse, mais touche lourdement ceux qui vivent avec le malade, notamment en raison des pr\u00e9jug\u00e9s de la soci\u00e9t\u00e9. Comment faire pour tenir le coup lorsqu&#039;un de nos proches est atteint d&#039;une maladie mentale ?\" \/>\n\t\t<meta property=\"og:url\" content=\"https:\/\/www.psycho-ressources.com\/blog\/maladies-mentales\/\" \/>\n\t\t<meta property=\"article:published_time\" content=\"2015-10-29T12:29:50+00:00\" \/>\n\t\t<meta property=\"article:modified_time\" content=\"2017-05-09T21:14:04+00:00\" \/>\n\t\t<meta name=\"twitter:card\" content=\"summary\" \/>\n\t\t<meta name=\"twitter:title\" content=\"Maladies mentales: \u00e9viter de sombrer | Blog.Psycho-Ressources - Psychologie\" \/>\n\t\t<meta name=\"twitter:description\" content=\"Maladies mentales: \u00e9viter de sombrer Publi\u00e9 le 27 octobre 2015 \u00e0 14h13 Isabelle Dub\u00e9 - LaPresse.ca EXTRAIT : &quot;Elle n&#039;est pas contagieuse, mais touche lourdement ceux qui vivent avec le malade, notamment en raison des pr\u00e9jug\u00e9s de la soci\u00e9t\u00e9. Comment faire pour tenir le coup lorsqu&#039;un de nos proches est atteint d&#039;une maladie mentale ?\" \/>\n\t\t<script type=\"application\/ld+json\" class=\"aioseo-schema\">\n\t\t\t{\"@context\":\"https:\\\/\\\/schema.org\",\"@graph\":[{\"@type\":\"Article\",\"@id\":\"https:\\\/\\\/www.psycho-ressources.com\\\/blog\\\/maladies-mentales\\\/#article\",\"name\":\"Maladies mentales: \\u00e9viter de sombrer | Blog.Psycho-Ressources - Psychologie\",\"headline\":\"Maladies mentales: \\u00e9viter de sombrer\",\"author\":{\"@id\":\"https:\\\/\\\/www.psycho-ressources.com\\\/blog\\\/author\\\/admin\\\/#author\"},\"publisher\":{\"@id\":\"https:\\\/\\\/www.psycho-ressources.com\\\/blog\\\/#organization\"},\"datePublished\":\"2015-10-29T08:29:50-04:00\",\"dateModified\":\"2017-05-09T17:14:04-04:00\",\"inLanguage\":\"fr-FR\",\"mainEntityOfPage\":{\"@id\":\"https:\\\/\\\/www.psycho-ressources.com\\\/blog\\\/maladies-mentales\\\/#webpage\"},\"isPartOf\":{\"@id\":\"https:\\\/\\\/www.psycho-ressources.com\\\/blog\\\/maladies-mentales\\\/#webpage\"},\"articleSection\":\"Actualit\\u00e9s de la Psychologie, Articles Th\\u00e9matiques, Probl\\u00e9matiques Vari\\u00e9es, anxi\\u00e9t\\u00e9, anxieux, d\\u00e9pression, d\\u00e9tresse, maladies, mentales, psychologique, schizophr\\u00e9nie, troubles\"},{\"@type\":\"BreadcrumbList\",\"@id\":\"https:\\\/\\\/www.psycho-ressources.com\\\/blog\\\/maladies-mentales\\\/#breadcrumblist\",\"itemListElement\":[{\"@type\":\"ListItem\",\"@id\":\"https:\\\/\\\/www.psycho-ressources.com\\\/blog#listItem\",\"position\":1,\"name\":\"Home\",\"item\":\"https:\\\/\\\/www.psycho-ressources.com\\\/blog\",\"nextItem\":{\"@type\":\"ListItem\",\"@id\":\"https:\\\/\\\/www.psycho-ressources.com\\\/blog\\\/sujet\\\/articles-thematiques\\\/#listItem\",\"name\":\"Articles Th\\u00e9matiques\"}},{\"@type\":\"ListItem\",\"@id\":\"https:\\\/\\\/www.psycho-ressources.com\\\/blog\\\/sujet\\\/articles-thematiques\\\/#listItem\",\"position\":2,\"name\":\"Articles Th\\u00e9matiques\",\"item\":\"https:\\\/\\\/www.psycho-ressources.com\\\/blog\\\/sujet\\\/articles-thematiques\\\/\",\"nextItem\":{\"@type\":\"ListItem\",\"@id\":\"https:\\\/\\\/www.psycho-ressources.com\\\/blog\\\/sujet\\\/articles-thematiques\\\/problematiques-variees\\\/#listItem\",\"name\":\"Probl\\u00e9matiques Vari\\u00e9es\"},\"previousItem\":{\"@type\":\"ListItem\",\"@id\":\"https:\\\/\\\/www.psycho-ressources.com\\\/blog#listItem\",\"name\":\"Home\"}},{\"@type\":\"ListItem\",\"@id\":\"https:\\\/\\\/www.psycho-ressources.com\\\/blog\\\/sujet\\\/articles-thematiques\\\/problematiques-variees\\\/#listItem\",\"position\":3,\"name\":\"Probl\\u00e9matiques Vari\\u00e9es\",\"item\":\"https:\\\/\\\/www.psycho-ressources.com\\\/blog\\\/sujet\\\/articles-thematiques\\\/problematiques-variees\\\/\",\"nextItem\":{\"@type\":\"ListItem\",\"@id\":\"https:\\\/\\\/www.psycho-ressources.com\\\/blog\\\/maladies-mentales\\\/#listItem\",\"name\":\"Maladies mentales: \\u00e9viter de sombrer\"},\"previousItem\":{\"@type\":\"ListItem\",\"@id\":\"https:\\\/\\\/www.psycho-ressources.com\\\/blog\\\/sujet\\\/articles-thematiques\\\/#listItem\",\"name\":\"Articles Th\\u00e9matiques\"}},{\"@type\":\"ListItem\",\"@id\":\"https:\\\/\\\/www.psycho-ressources.com\\\/blog\\\/maladies-mentales\\\/#listItem\",\"position\":4,\"name\":\"Maladies mentales: \\u00e9viter de sombrer\",\"previousItem\":{\"@type\":\"ListItem\",\"@id\":\"https:\\\/\\\/www.psycho-ressources.com\\\/blog\\\/sujet\\\/articles-thematiques\\\/problematiques-variees\\\/#listItem\",\"name\":\"Probl\\u00e9matiques Vari\\u00e9es\"}}]},{\"@type\":\"Organization\",\"@id\":\"https:\\\/\\\/www.psycho-ressources.com\\\/blog\\\/#organization\",\"name\":\"Blog.Psycho-Ressources - Psychologie\",\"description\":\"Blogue du bottin francophone des professionnels de la psychologie.\",\"url\":\"https:\\\/\\\/www.psycho-ressources.com\\\/blog\\\/\"},{\"@type\":\"Person\",\"@id\":\"https:\\\/\\\/www.psycho-ressources.com\\\/blog\\\/author\\\/admin\\\/#author\",\"url\":\"https:\\\/\\\/www.psycho-ressources.com\\\/blog\\\/author\\\/admin\\\/\",\"name\":\"AlainWM\"},{\"@type\":\"WebPage\",\"@id\":\"https:\\\/\\\/www.psycho-ressources.com\\\/blog\\\/maladies-mentales\\\/#webpage\",\"url\":\"https:\\\/\\\/www.psycho-ressources.com\\\/blog\\\/maladies-mentales\\\/\",\"name\":\"Maladies mentales: \\u00e9viter de sombrer | Blog.Psycho-Ressources - Psychologie\",\"description\":\"Maladies mentales: \\u00e9viter de sombrer Publi\\u00e9 le 27 octobre 2015 \\u00e0 14h13 Isabelle Dub\\u00e9 - LaPresse.ca EXTRAIT : \\\"Elle n'est pas contagieuse, mais touche lourdement ceux qui vivent avec le malade, notamment en raison des pr\\u00e9jug\\u00e9s de la soci\\u00e9t\\u00e9. Comment faire pour tenir le coup lorsqu'un de nos proches est atteint d'une maladie mentale ?\",\"inLanguage\":\"fr-FR\",\"isPartOf\":{\"@id\":\"https:\\\/\\\/www.psycho-ressources.com\\\/blog\\\/#website\"},\"breadcrumb\":{\"@id\":\"https:\\\/\\\/www.psycho-ressources.com\\\/blog\\\/maladies-mentales\\\/#breadcrumblist\"},\"author\":{\"@id\":\"https:\\\/\\\/www.psycho-ressources.com\\\/blog\\\/author\\\/admin\\\/#author\"},\"creator\":{\"@id\":\"https:\\\/\\\/www.psycho-ressources.com\\\/blog\\\/author\\\/admin\\\/#author\"},\"datePublished\":\"2015-10-29T08:29:50-04:00\",\"dateModified\":\"2017-05-09T17:14:04-04:00\"},{\"@type\":\"WebSite\",\"@id\":\"https:\\\/\\\/www.psycho-ressources.com\\\/blog\\\/#website\",\"url\":\"https:\\\/\\\/www.psycho-ressources.com\\\/blog\\\/\",\"name\":\"Blog.Psycho-Ressources - Psychologie\",\"description\":\"Blogue du bottin francophone des professionnels de la psychologie.\",\"inLanguage\":\"fr-FR\",\"publisher\":{\"@id\":\"https:\\\/\\\/www.psycho-ressources.com\\\/blog\\\/#organization\"}}]}\n\t\t<\/script>\n\t\t<!-- All in One SEO -->\n\n","aioseo_head_json":{"title":"Maladies mentales: \u00e9viter de sombrer | Blog.Psycho-Ressources - Psychologie","description":"Maladies mentales: \u00e9viter de sombrer Publi\u00e9 le 27 octobre 2015 \u00e0 14h13 Isabelle Dub\u00e9 - LaPresse.ca EXTRAIT : \"Elle n'est pas contagieuse, mais touche lourdement ceux qui vivent avec le malade, notamment en raison des pr\u00e9jug\u00e9s de la soci\u00e9t\u00e9. Comment faire pour tenir le coup lorsqu'un de nos proches est atteint d'une maladie mentale ?","canonical_url":"https:\/\/www.psycho-ressources.com\/blog\/maladies-mentales\/","robots":"max-image-preview:large","keywords":"","webmasterTools":{"miscellaneous":""},"schema":{"@context":"https:\/\/schema.org","@graph":[{"@type":"Article","@id":"https:\/\/www.psycho-ressources.com\/blog\/maladies-mentales\/#article","name":"Maladies mentales: \u00e9viter de sombrer | Blog.Psycho-Ressources - Psychologie","headline":"Maladies mentales: \u00e9viter de sombrer","author":{"@id":"https:\/\/www.psycho-ressources.com\/blog\/author\/admin\/#author"},"publisher":{"@id":"https:\/\/www.psycho-ressources.com\/blog\/#organization"},"datePublished":"2015-10-29T08:29:50-04:00","dateModified":"2017-05-09T17:14:04-04:00","inLanguage":"fr-FR","mainEntityOfPage":{"@id":"https:\/\/www.psycho-ressources.com\/blog\/maladies-mentales\/#webpage"},"isPartOf":{"@id":"https:\/\/www.psycho-ressources.com\/blog\/maladies-mentales\/#webpage"},"articleSection":"Actualit\u00e9s de la Psychologie, Articles Th\u00e9matiques, Probl\u00e9matiques Vari\u00e9es, anxi\u00e9t\u00e9, anxieux, d\u00e9pression, d\u00e9tresse, maladies, mentales, psychologique, schizophr\u00e9nie, troubles"},{"@type":"BreadcrumbList","@id":"https:\/\/www.psycho-ressources.com\/blog\/maladies-mentales\/#breadcrumblist","itemListElement":[{"@type":"ListItem","@id":"https:\/\/www.psycho-ressources.com\/blog#listItem","position":1,"name":"Home","item":"https:\/\/www.psycho-ressources.com\/blog","nextItem":{"@type":"ListItem","@id":"https:\/\/www.psycho-ressources.com\/blog\/sujet\/articles-thematiques\/#listItem","name":"Articles Th\u00e9matiques"}},{"@type":"ListItem","@id":"https:\/\/www.psycho-ressources.com\/blog\/sujet\/articles-thematiques\/#listItem","position":2,"name":"Articles Th\u00e9matiques","item":"https:\/\/www.psycho-ressources.com\/blog\/sujet\/articles-thematiques\/","nextItem":{"@type":"ListItem","@id":"https:\/\/www.psycho-ressources.com\/blog\/sujet\/articles-thematiques\/problematiques-variees\/#listItem","name":"Probl\u00e9matiques Vari\u00e9es"},"previousItem":{"@type":"ListItem","@id":"https:\/\/www.psycho-ressources.com\/blog#listItem","name":"Home"}},{"@type":"ListItem","@id":"https:\/\/www.psycho-ressources.com\/blog\/sujet\/articles-thematiques\/problematiques-variees\/#listItem","position":3,"name":"Probl\u00e9matiques Vari\u00e9es","item":"https:\/\/www.psycho-ressources.com\/blog\/sujet\/articles-thematiques\/problematiques-variees\/","nextItem":{"@type":"ListItem","@id":"https:\/\/www.psycho-ressources.com\/blog\/maladies-mentales\/#listItem","name":"Maladies mentales: \u00e9viter de sombrer"},"previousItem":{"@type":"ListItem","@id":"https:\/\/www.psycho-ressources.com\/blog\/sujet\/articles-thematiques\/#listItem","name":"Articles Th\u00e9matiques"}},{"@type":"ListItem","@id":"https:\/\/www.psycho-ressources.com\/blog\/maladies-mentales\/#listItem","position":4,"name":"Maladies mentales: \u00e9viter de sombrer","previousItem":{"@type":"ListItem","@id":"https:\/\/www.psycho-ressources.com\/blog\/sujet\/articles-thematiques\/problematiques-variees\/#listItem","name":"Probl\u00e9matiques Vari\u00e9es"}}]},{"@type":"Organization","@id":"https:\/\/www.psycho-ressources.com\/blog\/#organization","name":"Blog.Psycho-Ressources - Psychologie","description":"Blogue du bottin francophone des professionnels de la psychologie.","url":"https:\/\/www.psycho-ressources.com\/blog\/"},{"@type":"Person","@id":"https:\/\/www.psycho-ressources.com\/blog\/author\/admin\/#author","url":"https:\/\/www.psycho-ressources.com\/blog\/author\/admin\/","name":"AlainWM"},{"@type":"WebPage","@id":"https:\/\/www.psycho-ressources.com\/blog\/maladies-mentales\/#webpage","url":"https:\/\/www.psycho-ressources.com\/blog\/maladies-mentales\/","name":"Maladies mentales: \u00e9viter de sombrer | Blog.Psycho-Ressources - Psychologie","description":"Maladies mentales: \u00e9viter de sombrer Publi\u00e9 le 27 octobre 2015 \u00e0 14h13 Isabelle Dub\u00e9 - LaPresse.ca EXTRAIT : \"Elle n'est pas contagieuse, mais touche lourdement ceux qui vivent avec le malade, notamment en raison des pr\u00e9jug\u00e9s de la soci\u00e9t\u00e9. Comment faire pour tenir le coup lorsqu'un de nos proches est atteint d'une maladie mentale ?","inLanguage":"fr-FR","isPartOf":{"@id":"https:\/\/www.psycho-ressources.com\/blog\/#website"},"breadcrumb":{"@id":"https:\/\/www.psycho-ressources.com\/blog\/maladies-mentales\/#breadcrumblist"},"author":{"@id":"https:\/\/www.psycho-ressources.com\/blog\/author\/admin\/#author"},"creator":{"@id":"https:\/\/www.psycho-ressources.com\/blog\/author\/admin\/#author"},"datePublished":"2015-10-29T08:29:50-04:00","dateModified":"2017-05-09T17:14:04-04:00"},{"@type":"WebSite","@id":"https:\/\/www.psycho-ressources.com\/blog\/#website","url":"https:\/\/www.psycho-ressources.com\/blog\/","name":"Blog.Psycho-Ressources - Psychologie","description":"Blogue du bottin francophone des professionnels de la psychologie.","inLanguage":"fr-FR","publisher":{"@id":"https:\/\/www.psycho-ressources.com\/blog\/#organization"}}]},"og:locale":"fr_FR","og:site_name":"Blog.Psycho-Ressources - Psychologie | Blogue du bottin francophone des professionnels de la psychologie.","og:type":"article","og:title":"Maladies mentales: \u00e9viter de sombrer | Blog.Psycho-Ressources - Psychologie","og:description":"Maladies mentales: \u00e9viter de sombrer Publi\u00e9 le 27 octobre 2015 \u00e0 14h13 Isabelle Dub\u00e9 - LaPresse.ca EXTRAIT : &quot;Elle n'est pas contagieuse, mais touche lourdement ceux qui vivent avec le malade, notamment en raison des pr\u00e9jug\u00e9s de la soci\u00e9t\u00e9. Comment faire pour tenir le coup lorsqu'un de nos proches est atteint d'une maladie mentale ?","og:url":"https:\/\/www.psycho-ressources.com\/blog\/maladies-mentales\/","article:published_time":"2015-10-29T12:29:50+00:00","article:modified_time":"2017-05-09T21:14:04+00:00","twitter:card":"summary","twitter:title":"Maladies mentales: \u00e9viter de sombrer | Blog.Psycho-Ressources - Psychologie","twitter:description":"Maladies mentales: \u00e9viter de sombrer Publi\u00e9 le 27 octobre 2015 \u00e0 14h13 Isabelle Dub\u00e9 - LaPresse.ca EXTRAIT : &quot;Elle n'est pas contagieuse, mais touche lourdement ceux qui vivent avec le malade, notamment en raison des pr\u00e9jug\u00e9s de la soci\u00e9t\u00e9. Comment faire pour tenir le coup lorsqu'un de nos proches est atteint d'une maladie mentale ?"},"aioseo_meta_data":{"post_id":"6454","title":null,"description":null,"keywords":null,"keyphrases":null,"primary_term":null,"canonical_url":null,"og_title":null,"og_description":null,"og_object_type":"default","og_image_type":"default","og_image_url":null,"og_image_width":null,"og_image_height":null,"og_image_custom_url":null,"og_image_custom_fields":null,"og_video":null,"og_custom_url":null,"og_article_section":null,"og_article_tags":null,"twitter_use_og":false,"twitter_card":"default","twitter_image_type":"default","twitter_image_url":null,"twitter_image_custom_url":null,"twitter_image_custom_fields":null,"twitter_title":null,"twitter_description":null,"schema":{"blockGraphs":[],"customGraphs":[],"default":{"data":{"Article":[],"Course":[],"Dataset":[],"FAQPage":[],"Movie":[],"Person":[],"Product":[],"ProductReview":[],"Car":[],"Recipe":[],"Service":[],"SoftwareApplication":[],"WebPage":[]},"graphName":"Article","isEnabled":true},"graphs":[]},"schema_type":"default","schema_type_options":null,"pillar_content":false,"robots_default":true,"robots_noindex":false,"robots_noarchive":false,"robots_nosnippet":false,"robots_nofollow":false,"robots_noimageindex":false,"robots_noodp":false,"robots_notranslate":false,"robots_max_snippet":null,"robots_max_videopreview":null,"robots_max_imagepreview":"large","priority":null,"frequency":null,"local_seo":null,"limit_modified_date":false,"created":"2021-12-08 16:07:08","updated":"2022-10-25 14:37:27","ai":null,"breadcrumb_settings":null,"seo_analyzer_scan_date":null},"aioseo_breadcrumb":"<div class=\"aioseo-breadcrumbs\"><span class=\"aioseo-breadcrumb\">\n\t\t\t<a href=\"https:\/\/www.psycho-ressources.com\/blog\" title=\"Home\">Home<\/a>\n\t\t<\/span><span class=\"aioseo-breadcrumb-separator\">&raquo;<\/span><span class=\"aioseo-breadcrumb\">\n\t\t\t<a href=\"https:\/\/www.psycho-ressources.com\/blog\/sujet\/articles-thematiques\/\" title=\"Articles Th\u00e9matiques\">Articles Th\u00e9matiques<\/a>\n\t\t<\/span><span class=\"aioseo-breadcrumb-separator\">&raquo;<\/span><span class=\"aioseo-breadcrumb\">\n\t\t\t<a href=\"https:\/\/www.psycho-ressources.com\/blog\/sujet\/articles-thematiques\/problematiques-variees\/\" title=\"Probl\u00e9matiques Vari\u00e9es\">Probl\u00e9matiques Vari\u00e9es<\/a>\n\t\t<\/span><span class=\"aioseo-breadcrumb-separator\">&raquo;<\/span><span class=\"aioseo-breadcrumb\">\n\t\t\tMaladies mentales: \u00e9viter de sombrer\n\t\t<\/span><\/div>","aioseo_breadcrumb_json":[{"label":"Home","link":"https:\/\/www.psycho-ressources.com\/blog"},{"label":"Articles Th\u00e9matiques","link":"https:\/\/www.psycho-ressources.com\/blog\/sujet\/articles-thematiques\/"},{"label":"Probl\u00e9matiques Vari\u00e9es","link":"https:\/\/www.psycho-ressources.com\/blog\/sujet\/articles-thematiques\/problematiques-variees\/"},{"label":"Maladies mentales: \u00e9viter de sombrer","link":"https:\/\/www.psycho-ressources.com\/blog\/maladies-mentales\/"}],"_links":{"self":[{"href":"https:\/\/www.psycho-ressources.com\/blog\/wp-json\/wp\/v2\/posts\/6454","targetHints":{"allow":["GET"]}}],"collection":[{"href":"https:\/\/www.psycho-ressources.com\/blog\/wp-json\/wp\/v2\/posts"}],"about":[{"href":"https:\/\/www.psycho-ressources.com\/blog\/wp-json\/wp\/v2\/types\/post"}],"author":[{"embeddable":true,"href":"https:\/\/www.psycho-ressources.com\/blog\/wp-json\/wp\/v2\/users\/1"}],"replies":[{"embeddable":true,"href":"https:\/\/www.psycho-ressources.com\/blog\/wp-json\/wp\/v2\/comments?post=6454"}],"version-history":[{"count":5,"href":"https:\/\/www.psycho-ressources.com\/blog\/wp-json\/wp\/v2\/posts\/6454\/revisions"}],"predecessor-version":[{"id":8826,"href":"https:\/\/www.psycho-ressources.com\/blog\/wp-json\/wp\/v2\/posts\/6454\/revisions\/8826"}],"wp:attachment":[{"href":"https:\/\/www.psycho-ressources.com\/blog\/wp-json\/wp\/v2\/media?parent=6454"}],"wp:term":[{"taxonomy":"category","embeddable":true,"href":"https:\/\/www.psycho-ressources.com\/blog\/wp-json\/wp\/v2\/categories?post=6454"},{"taxonomy":"post_tag","embeddable":true,"href":"https:\/\/www.psycho-ressources.com\/blog\/wp-json\/wp\/v2\/tags?post=6454"}],"curies":[{"name":"wp","href":"https:\/\/api.w.org\/{rel}","templated":true}]}}