{"id":6280,"date":"2015-09-10T21:20:33","date_gmt":"2015-09-11T01:20:33","guid":{"rendered":"https:\/\/aws.psycho-ressources.com\/blog\/?p=6280"},"modified":"2015-09-10T21:21:16","modified_gmt":"2015-09-11T01:21:16","slug":"psy-causes-psychiatrie","status":"publish","type":"post","link":"https:\/\/www.psycho-ressources.com\/blog\/psy-causes-psychiatrie\/","title":{"rendered":"Psy-causes &#8211; Psychiatrie &#8211; Plaidoyer pour une autre approche"},"content":{"rendered":"<p><strong><a href=\"https:\/\/aws.psycho-ressources.com\/blog\/wp-content\/uploads\/2015\/09\/couvert-psycauses.jpg\"><img loading=\"lazy\" decoding=\"async\" class=\"alignleft size-full wp-image-6281\" title=\"couvert-psycauses\" src=\"https:\/\/aws.psycho-ressources.com\/blog\/wp-content\/uploads\/2015\/09\/couvert-psycauses.jpg\" alt=\"\" width=\"288\" height=\"428\" \/><\/a>Psy-causes<br \/>\n&#8211; Psychiatrie &#8211;<br \/>\nPlaidoyer pour une autre approche<br \/>\n<\/strong><em><span style=\"color: #3366ff;\">Chlo\u00e9 et Allan Olivier<\/span><\/em><br \/>\n\u00c9ditions Amalth\u00e9e<\/p>\n<p><strong><span style=\"color: #3366ff;\">SOMMAIRE<\/span><\/strong><\/p>\n<p>Ce livre, r\u00e9cit d\u2019une exp\u00e9rience, tente de d\u00e9montrer que l\u2019\u00e9ducation soci\u00e9tale, familiale et parentale peut avoir des cons\u00e9quences tragiques pour nos enfants. Comprendre les diff\u00e9rentes causes qui entrent en jeu peut aider ces jeunes en grande souffrance.<\/p>\n<p>Le syst\u00e8me psychiatrique fran\u00e7ais, enferm\u00e9 dans une logique \u00e9tiologique et th\u00e9rapeutique bas\u00e9e sur la biologie, adopte une attitude condescendante vis-\u00e0-vis de tous ceux qui ont souffert de crise schizo\u00efde et les catalogue \u00e0 vie. Leur exclusion injustifi\u00e9e aggrave encore leur situation. La dimension humaine, l\u2019empathie sont \u00e9cart\u00e9es la plupart du temps.<\/p>\n<p>Une autre attitude est possible, au regard de pays voisins qui optent pour des soins bas\u00e9s sur le lien th\u00e9rapeutique. La relation \u00e0 l\u2019autre, au centre du soin, am\u00e8ne \u00e0 limiter les m\u00e9dicaments et leurs effets secondaires plus invalidants que la maladie. Les \u00e9tiquettes stigmatisantes ont \u00e9t\u00e9 ray\u00e9es du vocabulaire m\u00e9dical.<\/p>\n<p>Pourquoi la psychiatrie fran\u00e7aise refuse-t-elle de travailler avec ces autres approches th\u00e9rapeutiques, connaissant la violence et les risques du seul traitement biologique ? Toute la question est l\u00e0 !<\/p>\n<p><strong><span style=\"color: #3366ff;\">QUELQUES PAGES EXTRAITES DU LIVRE<\/span><\/strong><\/p>\n<p>\u00ab \u2026Comment peut-on faire pour qu\u2019on passe de la m\u00e9decine traditionnelle \u00e0 la sant\u00e9 ?<\/p>\n<p>\u00ab \u00c0 c\u00f4t\u00e9 de la psychiatrie, on essaie en plus de promouvoir la sant\u00e9 des gens qui sont affubl\u00e9s du sobriquet de \u00ab malades mentaux \u00bb.<\/p>\n<p>C\u2019est ainsi que le professeur Lan\u00e7on, psychiatre \u00e0 Marseille essaie de faire passer son message de bienveillance et de vision beaucoup plus humaine.<br \/>\nIl est tout \u00e0 fait clair qu\u2019il d\u00e9nonce l\u2019inefficacit\u00e9 de l\u2019institution psychiatrique pour r\u00e9ellement aider \u00e0 retrouver un \u00e9tat de bien-\u00eatre.<br \/>\nIl a un r\u00e9el langage d\u2019authenticit\u00e9.<br \/>\nIl a pu se retrouver dans une position o\u00f9 il a pu un peu aider les autres qui souffrent de difficult\u00e9s psychiques puisqu\u2019il est lui-m\u00eame psychiatre. Il ose dire sa v\u00e9rit\u00e9.<\/p>\n<p>Il parle de tous ces groupes qui veulent promouvoir une certaine id\u00e9e de la sant\u00e9 mentale\u2026 c\u2019est d\u00e9j\u00e0 pas mal\u2026 mais\u2026 en fait, cela n\u2019a pas fait avancer depuis 20 ans qu\u2019il travaille dans le domaine ! Il n\u2019y a toujours pas de r\u00e9elle r\u00e9habilitation !<\/p>\n<p>Les projets sont bien souvent plein de beaux discours pas trop suivis de r\u00e9elles r\u00e9int\u00e9grations sociales.<br \/>\nIl d\u00e9nonce le fait que les infirmiers, les psychiatres, le corps psychiatrique commencent \u00e0 dire que les paires aidants sont nuls\u2026 Les paires soignants, c\u2019est-\u00e0-dire ceux qui ont l\u2019exp\u00e9rience personnelle de cette \u00ab maladie \u00bb. Alors qu\u2019ils sont bien plus \u00e0 m\u00eame d\u2019aider puisqu\u2019ils sont pass\u00e9s par l\u00e0.<\/p>\n<p>Les psychiatres, en g\u00e9n\u00e9ral, disent que ceux qui ont eu cette exp\u00e9rience ne peuvent pas rivaliser avec les professionnels. Ils disent que les \u00ab paires soignants \u00bb n\u2019ont qu\u2019\u00e0 fermer leur gueule, car seuls ceux qui tiennent la v\u00e9rit\u00e9 sont les professionnels et cela, m\u00eame s\u2019ils nous ne le disent pas en face, on le per\u00e7oit ais\u00e9ment, malheureusement\u2026 pour eux !<\/p>\n<p>Il est un fait que ceux qui ont l\u2019exp\u00e9rience sont plus \u00e0 m\u00eame d\u2019aider, ils ont la connaissance exp\u00e9rimentale.<br \/>\nNous sommes all\u00e9s \u00e0 Qu\u00e9bec avec Krikor, pour rencontrer les psychiatres d\u2019un centre qui soignent des jeunes sans la seule m\u00e9dicamentation, mais avec un accompagnement humain. Apr\u00e8s plusieurs visites avec des infirmiers, des assistants sociaux, sur plusieurs jours, quand j\u2019ai annonc\u00e9 au psychiatre, chef de l\u2019\u00e9tablissement que je n\u2019\u00e9tais pas soignant, mais \u00ab qu\u2019une m\u00e8re \u00bb, il m\u2019a mis sa main sur mon \u00e9paule et m\u2019a dit : Alors on va pouvoir commencer \u00e0 vraiment parler. Ici, pour nous, l\u2019exp\u00e9rience est primordiale. Elle est \u00e0 la base. Ici, vous ne saurez pas qui est qui entre le soignant et le soign\u00e9. Il y a des soignants qui sont des soign\u00e9s et d\u2019anciens soign\u00e9s. C\u2019est l\u2019exp\u00e9rience qui nous apporte le savoir dans ce domaine. \u00bb J\u2019\u00e9tais stup\u00e9faite. Une complicit\u00e9 est n\u00e9e et nous a amen\u00e9s \u00e0 organiser ensemble un congr\u00e8s en France. Mais, h\u00e9las, tout est plus difficile \u00e0 concr\u00e9tiser en France et c\u2019est d\u2019ailleurs la raison pour laquelle, lui-m\u00eame n\u2019avait pu le faire qu\u2019\u00e0 Qu\u00e9bec ! C\u2019\u00e9tait il y a plus de dix ans\u2026 Nous ne perdons pas espoir. \u00c7a finira par se r\u00e9aliser en France. Certains psychiatres commencent \u00e0 avoir cette compr\u00e9hension et agissent en fonction dans leur secteur.<\/p>\n<p>Le retour, le r\u00e9tablissement, la gu\u00e9rison, \u00e7a pourrait passer par une normalisation du soin en soin en psychiatrie.<br \/>\nActuellement, trop souvent encore, quand on d\u00e9couvre l\u2019univers psychiatrique c\u2019est comme si on entrait en enfer. Tout est ferm\u00e9 ! les clefs sont attach\u00e9es aux ceintures des infirmiers, leur visage m\u00eame est ferm\u00e9 ! c\u2019est un monde impossible \u00e0 imaginer tant qu\u2019on ne l\u2019a pas connu.<br \/>\nL\u2019univers psychiatrique ne ressemble \u00e0 rien d\u2019autre que ce qu\u2019on voit dans d\u2019autres institutions hospitali\u00e8res. Rien ne ressemble \u00e0 cet univers dans la vie de tous les jours.<\/p>\n<p>Il faut le redire : \u00ab Si on souffre du sida, ou d\u2019un cancer par exemple, n\u2019importe quelle affection, on se rend bien compte que la part accord\u00e9e aux associations, aux aidants et aux personnes souffrants de la maladie est mille fois plus grande qu\u2019en psychiatrie. \u00bb<br \/>\nLe grand probl\u00e8me de la psychiatrie, c\u2019est le r\u00e9gime de la terreur.<br \/>\nEst-ce que, quand on rentre en psychiatrie, \u00e7a veut dire qu\u2019on a perdu sa capacit\u00e9 de discernement ?<br \/>\n\u00ab Moi je ne pense pas du tout \u00bb dit le professeur Lan\u00e7on. \u00ab je n\u2019ai jamais pens\u00e9 cela \u00bb.<br \/>\nIl dit m\u00eame \u00ab Peut \u00eatre que je suis moi-m\u00eame un malade mental d\u00e9lirant. Si on veut modifier la survie des gens et le pronostic, il faudra qu\u2019on change le mode de relation entre les partenaires \u00bb.<\/p>\n<p>D\u2019ailleurs sur bien des points Tim Greacen, directeur du laboratoire de recherche de l\u2019H\u00f4pital de Maison Blanche, \u00e0 Paris, le rejoint.<\/p>\n<p>Changer le mode de relation entre les partenaires.<br \/>\n\u00ab Je penserai \u00e0 toi jusqu\u2019\u00e0 ce que tu gu\u00e9risses de tes souffrances.<br \/>\nLe reste de ma vie pour ta vie continue !<br \/>\nSourire, c\u2019est commencer \u00e0 gu\u00e9rir. \u00bb<\/p>\n<p><strong>Des paroles qui gu\u00e9rissent<\/strong><\/p>\n<p>Les paroles qui gu\u00e9rissent, les actes qui gu\u00e9rissent\u2026 Qui cicatrisent les blessures.<br \/>\nQuand le temps s\u2019est arr\u00eat\u00e9 et que tout a bascul\u00e9 dans un monde o\u00f9 on se demande ce qu\u2019est \u00ab exister \u00bb\u2026<\/p>\n<p>Les nouveaux m\u00e9dicaments, ne suffisent pas pour gu\u00e9rir les blessures du c\u0153ur et de l\u2019\u00e2me.<br \/>\nLes traitements affaiblissent encore plus, apportent une grande fatigue qui vieillit pr\u00e9matur\u00e9ment le jeune et lui coupent son \u00e9lan de vie ! Et au lieu de donner de l\u2019\u00e9nergie\u2026 de l\u2019encourager en le guidant, elle est broy\u00e9e !<br \/>\nElle pourrait \u00eatre orient\u00e9e dans des domaines de cr\u00e9ation, d\u2019invention !<br \/>\nLes domaines artistiques, la musique, l\u2019\u00e9criture, la sculpture, la peinture\u2026 Les domaines de la cr\u00e9ation\u2026 sont des facteurs de gu\u00e9rison !<br \/>\nCes jeunes sont des \u00e9toiles dans un ciel que nous ne voyons pas ! Ils sont des lumi\u00e8res qui nous \u00e9claireraient le futur, mais nous ne les voyons pas ! Nous sommes aveugles ! Aveugl\u00e9s par nos propres ambitions\u2026 Et ce qui est important\u2026 l\u2019avenir et la vie de nos enfants\u2026 Nous ne pouvons pas le voir !<br \/>\nDes \u00eatres de lumi\u00e8re, de gentillesse, de compassion, peuvent \u00eatre de bons gu\u00e9risseurs.<\/p>\n<p><strong>La confiance qui gu\u00e9rit.<\/strong><\/p>\n<p>La confiance en une personne peut gu\u00e9rir.<br \/>\nL\u2019hypocrisie rend malade. Les mensonges rendent malades. Ceux qui veulent avoir toujours raison rendent l\u2019autre malade.<br \/>\nUne fa\u00e7on d\u2019\u00eatre peut gu\u00e9rir l\u2019autre. Trouver la paix dans son c\u0153ur peut gu\u00e9rir !<br \/>\nNe pas avoir peur de la v\u00e9rit\u00e9. Ce qui est vraiment vrai, n\u2019est pas toujours ce qui est en apparence.<br \/>\nNe pas \u00eatre \u00e0 genoux peut amener \u00e0 gu\u00e9rir.<br \/>\nAvoir conscience que ceux qui ont le pouvoir ab\u00eement le monde.<br \/>\nIl y a quelque chose \u00e0 reconstruire ! \u00bb\u2026<\/p>\n<p><strong><span style=\"color: #3366ff;\">LES AUTEURS<\/span><\/strong><\/p>\n<p><strong>Chlo\u00e9 Olivier :<\/strong><br \/>\n&#8211; Etudes de psychologie, d\u2019ergoth\u00e9rapie et d\u2019art-th\u00e9rapie\u00a0<br \/>\n&#8211; Etude de podologie.<br \/>\nExp\u00e9riences:<br \/>\n&#8211; Monitrice aupr\u00e8s d\u2019IMC et trisomique.(pendant 6 ans)<br \/>\n&#8211; Juge assesseur au tribunal d\u2019enfants.(pendant 6 ans )<br \/>\n&#8211; P\u00e9dicure\/Podologue(pendant 25 ans<br \/>\n&#8211; universit\u00e9 de psychologie (Lyon)<br \/>\n&#8211; Ergoth\u00e9rapeute (pendant 2 ans)<br \/>\n&#8211; Art-th\u00e9rapeute par la peinture\u00a0 (Pendant 4 ans)<br \/>\n&#8211; Peintre-d\u00e9coratrice.<br \/>\n&#8211; Auteur<br \/>\n&#8211; Conf\u00e9renci\u00e8re sur la psychose.<br \/>\n&#8211; Membre de l\u2019UNAFAM (Union Nationale des Familles ou Amis de personnes avec une difficult\u00e9\u00a0 psychique )<br \/>\n&#8211; A \u00e9t\u00e9 pr\u00e9sidente d\u2019association d\u2019aide aux enfants en difficult\u00e9.<br \/>\n&#8211; A particip\u00e9\u00a0 et organis\u00e9 un congr\u00e8s sur la psychose.<br \/>\n&#8211; A particip\u00e9 \u00e0 de nombreux congr\u00e8s avec des psychiatres, psychanalystes\u00a0 et psychologues internationaux :\u00a0 Dr JM Mantel psychiatre(France), Dr Willimier psychiatre(Suisse), Dr Danielle Bergeron psychiatre psychanalyste (Qu\u00e9bec), Lucie Cantin psychanalyste (Qu\u00e9bec), Dr Daniel Chevassut (France), Willy Apollon Dr en philosophie Qu\u00e9bec,\u00a0 Dr Peter Fennec philosophe (Australie), Dr Fran\u00e7oise Jauffrin Psychiatre(france), Dr Jacques Vigne psychiatre france et Inde)<br \/>\n&#8211; Plus de 40 ans d\u2019exp\u00e9rience dans la probl\u00e9matique psychique.<br \/>\nToutes ces diff\u00e9rentes exp\u00e9riences ont un m\u00eame sens, \u00e0 savoir comment aider au mieux les personnes en souffrance psychique.\u00a0 Notamment par la cr\u00e9ation artistique.<br \/>\nTravail\u00a0 de recherche avec des chercheurs et des soignants.<\/p>\n<p><strong>Allan Olivier :<\/strong><br \/>\n&#8211; Psychoth\u00e9rapeute\u00a0<br \/>\n&#8211; Morphologue<br \/>\n&#8211; A travaill\u00e9 en PJJ<br \/>\n&#8211; Pr\u00e9sident adjoint \u00e0 l\u2019UNAFAM( Union Nationale des Familles ou Amis de personnes avec une difficult\u00e9\u00a0 psychique )<br \/>\n&#8211; A particip\u00e9 \u00e0 de nombreux congr\u00e8s avec des psychiatres, psychanalyste\u00a0 et psychologues internationaux (Dr JM Mantel psychiatre( France), Dr Willimier psychiatre(Suisse), Dr Danielle Bergeron psychiatre psychanalyste (Qu\u00e9bec), Lucie Cantin psychanalyste (Qu\u00e9bec), Dr Daniel Chevassut (France), Willy Apollon Dr en philosophie (Qu\u00e9bec),\u00a0 Dr Peter Fennec philosophe(Australie), Dr Fran\u00e7oise Jauffrin Psychiatre(France) Dr Jacques Vigne psychiatre (France et Inde).<br \/>\n&#8211; A particip\u00e9\u00a0 et organis\u00e9 un congr\u00e8s sur la psychose.<br \/>\n&#8211; A fait parti d\u2019association d\u2019aide aux enfants en difficult\u00e9 psychique.<\/p>\n<p><strong><span style=\"color: #3366ff;\">TABLE DES MATI\u00c8RES<\/span><\/strong><\/p>\n<ul>\n<li><strong><\/strong>PROLOGUE<\/li>\n<li>VOIR LA PSYCHOSE AUTREMENT<\/li>\n<li>LA D\u00c9RIVE&#8230; LE DIAGNOSTIC<\/li>\n<li>LES M\u00c9DICAMENTS, LES LABOS<\/li>\n<li>CHANGEMENT DE COMPORTEMENT POUR MIEUX SOIGNER<\/li>\n<li>REMETTEZ L\u2019AUTORIT\u00c9 EN QUESTION\u00a0 ET VOUS SEREZ TRAIT\u00c9 DE FOU<\/li>\n<li>L\u2019EXCLUSION DES JEUNES<\/li>\n<li>LA VIE EST BIZARRE !<\/li>\n<li>LA R\u00c9ABILITATION<\/li>\n<li>UNE SPIRALE INFERNALE<\/li>\n<li>CRISE D\u2019ADOLESCENCE<\/li>\n<li>LES ATTITUDES DICTATORIALES<\/li>\n<li>\u00c9VOLUTION DES CONSCIENCES<\/li>\n<li>COMMENT DIRE L\u2019INEXPRIMABLE<\/li>\n<li>COMMENT RECONSTRUIRE<\/li>\n<li>L\u2019IMPORTANCE DU TEMOIGNAGE<\/li>\n<li>UN AUTRE REGARD<\/li>\n<li>UN CHANGEMENT DE MENTALIT\u00c9 EST N\u00c9CESSAIRE<\/li>\n<li>BIBLIOGRAPHIE<\/li>\n<\/ul>\n<p><strong><span style=\"color: #3366ff;\">D\u00c9TAILS<\/span><\/strong><\/p>\n<p>Disponible sur commande en Librairie<br \/>\nDistribu\u00e9 par Hachette Livre<br \/>\nTitre: Psy-causes &#8211; Psychiatrie &#8211; Plaidoyer pour une autre approche<br \/>\nAuteurs: Chlo\u00e9 et Allan Olivier<br \/>\nPrix: 23 Euros<br \/>\nNombre de pages: 388 pages<br \/>\nISBN 978-2-310-02283-5<\/p>\n<p>Communication &#8211; Relations presse :<br \/>\nM\u00e9lanie Protopapa<br \/>\nTel: 02 40 84 72 61<br \/>\nEmail: <a href=\"mailto:melanie@editions-amalthee.com\">melanie@editions-amalthee.com<\/a><\/p>\n<a href='http:\/\/twitter.com\/share' class='twitter-share-button' data-text='Psy-causes - Psychiatrie - Plaidoyer pour une autre approche' data-url='https:\/\/www.psycho-ressources.com\/blog\/?p=6280' data-counturl='https:\/\/www.psycho-ressources.com\/blog\/psy-causes-psychiatrie\/' data-count='horizontal' data-via='LesPSY'>Tweet<\/a>","protected":false},"excerpt":{"rendered":"<p>Psy-causes &#8211; Psychiatrie &#8211; Plaidoyer pour une autre approche Chlo\u00e9 et Allan Olivier \u00c9ditions Amalth\u00e9e SOMMAIRE Ce livre, r\u00e9cit d\u2019une exp\u00e9rience, tente de d\u00e9montrer que l\u2019\u00e9ducation soci\u00e9tale, familiale et parentale peut avoir des cons\u00e9quences tragiques pour nos enfants. Comprendre les &hellip; <a href=\"https:\/\/www.psycho-ressources.com\/blog\/psy-causes-psychiatrie\/\">Continuer la lecture <span class=\"meta-nav\">&rarr;<\/span><\/a><\/p>\n","protected":false},"author":1,"featured_media":0,"comment_status":"closed","ping_status":"closed","sticky":false,"template":"","format":"standard","meta":{"_monsterinsights_skip_tracking":false,"_monsterinsights_sitenote_active":false,"_monsterinsights_sitenote_note":"","_monsterinsights_sitenote_category":0,"footnotes":""},"categories":[18,7,6],"tags":[431,2493,2494,2495,1607,80,39,277,133,1450,74,2134,72],"class_list":["post-6280","post","type-post","status-publish","format-standard","hentry","category-actualites-psychologie","category-livres","category-publications","tag-approche","tag-causes","tag-hospital","tag-internement","tag-malade","tag-maladie","tag-mentale","tag-psy","tag-psychiatrie","tag-psychiatrique","tag-psychose","tag-schizo","tag-schizophrenie"],"aioseo_notices":[],"_links":{"self":[{"href":"https:\/\/www.psycho-ressources.com\/blog\/wp-json\/wp\/v2\/posts\/6280","targetHints":{"allow":["GET"]}}],"collection":[{"href":"https:\/\/www.psycho-ressources.com\/blog\/wp-json\/wp\/v2\/posts"}],"about":[{"href":"https:\/\/www.psycho-ressources.com\/blog\/wp-json\/wp\/v2\/types\/post"}],"author":[{"embeddable":true,"href":"https:\/\/www.psycho-ressources.com\/blog\/wp-json\/wp\/v2\/users\/1"}],"replies":[{"embeddable":true,"href":"https:\/\/www.psycho-ressources.com\/blog\/wp-json\/wp\/v2\/comments?post=6280"}],"version-history":[{"count":3,"href":"https:\/\/www.psycho-ressources.com\/blog\/wp-json\/wp\/v2\/posts\/6280\/revisions"}],"predecessor-version":[{"id":6284,"href":"https:\/\/www.psycho-ressources.com\/blog\/wp-json\/wp\/v2\/posts\/6280\/revisions\/6284"}],"wp:attachment":[{"href":"https:\/\/www.psycho-ressources.com\/blog\/wp-json\/wp\/v2\/media?parent=6280"}],"wp:term":[{"taxonomy":"category","embeddable":true,"href":"https:\/\/www.psycho-ressources.com\/blog\/wp-json\/wp\/v2\/categories?post=6280"},{"taxonomy":"post_tag","embeddable":true,"href":"https:\/\/www.psycho-ressources.com\/blog\/wp-json\/wp\/v2\/tags?post=6280"}],"curies":[{"name":"wp","href":"https:\/\/api.w.org\/{rel}","templated":true}]}}