{"id":5791,"date":"2015-03-31T21:10:02","date_gmt":"2015-04-01T01:10:02","guid":{"rendered":"https:\/\/aws.psycho-ressources.com\/blog\/?p=5791"},"modified":"2017-05-09T16:57:18","modified_gmt":"2017-05-09T20:57:18","slug":"aventure-interieure-pyrenees","status":"publish","type":"post","link":"https:\/\/www.psycho-ressources.com\/blog\/aventure-interieure-pyrenees\/","title":{"rendered":"Une aventure int\u00e9rieure dans les Pyr\u00e9n\u00e9es (9-14 ao\u00fbt 2015)"},"content":{"rendered":"<p><strong>A tous les passionn\u00e9s de l\u2019Aventure int\u00e9rieure qui croient aux vertus de la psychoth\u00e9rapie relationnelle et de la m\u00e9ditation th\u00e9rapeutique<\/strong><\/p>\n<p><span style=\"color: #003300;\"><strong>Du 09 ao\u00fbt au 14 ao\u00fbt 2015<\/strong> <\/span><br \/>\n<em>Stage r\u00e9sidentiel<\/em><\/p>\n<p><span style=\"color: #003300;\">Gestalt et m\u00e9ditation de pleine conscience<br \/>\nUn chemin vers soi\u2026 Une rencontre de l\u2019Autre\u2026<\/span><\/p>\n<p>Anim\u00e9 par<br \/>\n<em>Eric Brabant<br \/>\net Francine Baraban<\/em><\/p>\n<p>Tous les deux Gestalt-th\u00e9rapeutes et psychosomaticiens exp\u00e9riment\u00e9s, diff\u00e9rents et compl\u00e9mentaires, ils consid\u00e8rent la personne dans sa globalit\u00e9. Leurs exp\u00e9riences de vie, leur disponibilit\u00e9, leur humanit\u00e9, leur cr\u00e9ativit\u00e9 les conduisent \u00e0 accompagner les personnes dans un partage authentique et engag\u00e9 dans l\u2019ici et maintenant et dans la libert\u00e9 de chacun.<\/p>\n<p><a href=\"https:\/\/aws.psycho-ressources.com\/blog\/wp-content\/uploads\/2015\/03\/image-formateurs.jpg\"><img loading=\"lazy\" decoding=\"async\" class=\"alignright size-full wp-image-5793\" title=\"image-formateurs\" src=\"https:\/\/aws.psycho-ressources.com\/blog\/wp-content\/uploads\/2015\/03\/image-formateurs.jpg\" alt=\"\" width=\"302\" height=\"161\" \/><\/a>Ils adh\u00e8rent aux codes d\u00e9ontologiques du Syndicat National des praticiens en psychoth\u00e9rapie \u2013 SNPpsy \u2013 et de la F\u00e9d\u00e9ration Fran\u00e7aise de Psychoth\u00e9rapie et de Psychanalyse \u2013 FF2P -.<\/p>\n<p><strong>O\u00f9 \u00e7a se passe ?<\/strong><\/p>\n<p>Dans un g\u00eete particuli\u00e8rement confortable, au calme absolu, avec un superbe panorama sur les Pyr\u00e9n\u00e9es.<\/p>\n<p>H\u00e9bergement : En r\u00e9sidentiel, en chambres \u00e0 1 ou 2 personnes ou dortoir<\/p>\n<p><strong>Quels sont les objectifs de ce stage ?<\/strong><\/p>\n<ul>\n<li>Relier la pratique de la m\u00e9ditation et de la Gestalt pour une optimisation de la communication, de la vie quotidienne et sociale.<\/li>\n<li>Apporter une v\u00e9ritable formation \u00e0 la pratique de la M\u00e9ditation Pleine Conscience, pour une utilisation autonome, concr\u00e8te et fertile imm\u00e9diatement.<\/li>\n<li>Approfondir la connaissance de soi et des autres pour explorer et d\u00e9passer des blocages, afin de gu\u00e9rir certaines blessures et pr\u00e9parer le futur.<\/li>\n<\/ul>\n<p>Ce stage est une d\u00e9marche de rencontre avec soi et l\u2019Autre, li\u00e9e \u00e0 la pr\u00e9sence -l\u2019\u00eatre-l\u00e0 &#8211; et la puissance de l&rsquo;\u00catre-Soi dans l&rsquo;ici et maintenant, se manifestant dans un contexte de totale s\u00e9curit\u00e9 et de soutien permanents.<\/p>\n<p>Dans un cadre privil\u00e9giant amour et empathie, bienveillance et g\u00e9n\u00e9rosit\u00e9, expression \u00e9motionnelle et respect, ce stage est un outil d\u2019\u00e9panouissement pour acc\u00e9der au \u2018\u2019bonheur\u2019\u2019 d\u2019\u00eatre soi.<\/p>\n<p><strong>Comment \u00e7a se passe ?<\/strong><\/p>\n<p>Vraie coupure avec ses habitudes lors de 5 jours d\u2019immersion dont les pr\u00e9requis sont l&rsquo;attitude d\u2019\u00e9coute, d\u2019ouverture d&rsquo;esprit et d\u2019ouverture du c\u0153ur, le respect de soi, de l\u2019autre et du cadre.<\/p>\n<p>Nous occuperons le temps avec une alternance de Gestalt et de m\u00e9ditation pleine conscience, ponctu\u00e9 de quelques apports th\u00e9oriques. L\u2019approche corporelle \u2013 massage relationnel, danse et exercices Gestaltistes \u2013 prendra une grande place dans le travail exp\u00e9rientiel. Avec aussi des partages interactifs, la visualisation, la relaxation et le contact avec la nature.<\/p>\n<p><strong>Quel est le budget \u00e0 pr\u00e9voir par personne ?<\/strong><\/p>\n<p>Stage : 360 \u20ac<br \/>\nH\u00e9bergement pour les cinq jours : 170 \u00e0 210 euros selon le nombre de personnes<br \/>\nUn \u00e9talement de paiement peut \u00eatre accord\u00e9 en formulant une demande.<\/p>\n<p>Informations et inscriptions :<br \/>\nFrancine Baraban 06 08 06 29 60. <a href=\"mailto:fbaraban@holos.fr\">fbaraban@holos.fr<\/a><br \/>\nEric brabant 06 76 48 89 40 <a href=\"mailto:jjdaumoine@orange.fr\">jjdaumoine@orange.fr<\/a><\/p>\n<p>Site: <a href=\"http:\/\/www.institut-holos.fr\/stages.html\">http:\/\/www.institut-holos.fr\/stages.html<\/a><\/p>\n<p>Membres de Psycho-Ressources<br \/>\n<em>Francine Baraban, psychoth\u00e9rapeute, Montpellier, Fr.<\/em><br \/>\n&#8211; <a href=\"https:\/\/www.psycho-ressources.com\/francine-baraban.html\">https:\/\/www.psycho-ressources.com\/francine-baraban.html<\/a><br \/>\n&#8211; <a href=\"https:\/\/www.facebook.com\/francine.baraban\">https:\/\/www.facebook.com\/francine.baraban<\/a><br \/>\n&#8211; <a href=\"http:\/\/www.linkedin.com\/pub\/dir\/francine\/baraban\">http:\/\/www.linkedin.com\/pub\/dir\/francine\/baraban<\/a><br \/>\n<em>Eric Brabant, Gestalt-Th\u00e9rapeute, Toulouse, Fr.<\/em><br \/>\n&#8211; <a href=\"https:\/\/www.psycho-ressources.com\/eric-brabant.html\">https:\/\/www.psycho-ressources.com\/eric-brabant.html<\/a><\/p>\n<a href='http:\/\/twitter.com\/share' class='twitter-share-button' data-text='Une aventure int\u00e9rieure dans les Pyr\u00e9n\u00e9es (9-14 ao\u00fbt 2015)' data-url='https:\/\/www.psycho-ressources.com\/blog\/?p=5791' data-counturl='https:\/\/www.psycho-ressources.com\/blog\/aventure-interieure-pyrenees\/' data-count='horizontal' data-via='LesPSY'>Tweet<\/a>","protected":false},"excerpt":{"rendered":"<p>A tous les passionn\u00e9s de l\u2019Aventure int\u00e9rieure qui croient aux vertus de la psychoth\u00e9rapie relationnelle et de la m\u00e9ditation th\u00e9rapeutique Du 09 ao\u00fbt au 14 ao\u00fbt 2015 Stage r\u00e9sidentiel Gestalt et m\u00e9ditation de pleine conscience Un chemin vers soi\u2026 Une &hellip; <a href=\"https:\/\/www.psycho-ressources.com\/blog\/aventure-interieure-pyrenees\/\">Continuer la lecture <span class=\"meta-nav\">&rarr;<\/span><\/a><\/p>\n","protected":false},"author":1,"featured_media":0,"comment_status":"closed","ping_status":"closed","sticky":false,"template":"","format":"standard","meta":{"_monsterinsights_skip_tracking":false,"_monsterinsights_sitenote_active":false,"_monsterinsights_sitenote_note":"","_monsterinsights_sitenote_category":0,"footnotes":""},"categories":[18,10],"tags":[204,67,108,227,127,833,2315,401,849,2314,901,182,398],"class_list":["post-5791","post","type-post","status-publish","format-standard","hentry","category-actualites-psychologie","category-ateliers-croissance","tag-aventure","tag-croissance","tag-developpement-personnel","tag-france","tag-gestalt","tag-interieure","tag-pyrenees","tag-rencontre","tag-retraite","tag-sejour","tag-seminaire","tag-stage","tag-voyage"],"aioseo_notices":[],"_links":{"self":[{"href":"https:\/\/www.psycho-ressources.com\/blog\/wp-json\/wp\/v2\/posts\/5791","targetHints":{"allow":["GET"]}}],"collection":[{"href":"https:\/\/www.psycho-ressources.com\/blog\/wp-json\/wp\/v2\/posts"}],"about":[{"href":"https:\/\/www.psycho-ressources.com\/blog\/wp-json\/wp\/v2\/types\/post"}],"author":[{"embeddable":true,"href":"https:\/\/www.psycho-ressources.com\/blog\/wp-json\/wp\/v2\/users\/1"}],"replies":[{"embeddable":true,"href":"https:\/\/www.psycho-ressources.com\/blog\/wp-json\/wp\/v2\/comments?post=5791"}],"version-history":[{"count":8,"href":"https:\/\/www.psycho-ressources.com\/blog\/wp-json\/wp\/v2\/posts\/5791\/revisions"}],"predecessor-version":[{"id":8792,"href":"https:\/\/www.psycho-ressources.com\/blog\/wp-json\/wp\/v2\/posts\/5791\/revisions\/8792"}],"wp:attachment":[{"href":"https:\/\/www.psycho-ressources.com\/blog\/wp-json\/wp\/v2\/media?parent=5791"}],"wp:term":[{"taxonomy":"category","embeddable":true,"href":"https:\/\/www.psycho-ressources.com\/blog\/wp-json\/wp\/v2\/categories?post=5791"},{"taxonomy":"post_tag","embeddable":true,"href":"https:\/\/www.psycho-ressources.com\/blog\/wp-json\/wp\/v2\/tags?post=5791"}],"curies":[{"name":"wp","href":"https:\/\/api.w.org\/{rel}","templated":true}]}}