{"id":5269,"date":"2014-09-29T07:54:15","date_gmt":"2014-09-29T11:54:15","guid":{"rendered":"https:\/\/aws.psycho-ressources.com\/blog\/?p=5269"},"modified":"2014-09-29T07:55:03","modified_gmt":"2014-09-29T11:55:03","slug":"telesommet-du-developpement-personnel-2014","status":"publish","type":"post","link":"https:\/\/www.psycho-ressources.com\/blog\/telesommet-du-developpement-personnel-2014\/","title":{"rendered":"T\u00e9l\u00e9sommet du d\u00e9veloppement personnel. 24-30 sept 2014."},"content":{"rendered":"<p><a href=\"https:\/\/aws.psycho-ressources.com\/blog\/wp-content\/uploads\/2014\/09\/image-point-bascule.jpg\"><img loading=\"lazy\" decoding=\"async\" class=\"alignleft size-full wp-image-5270\" title=\"image-point-bascule\" src=\"https:\/\/aws.psycho-ressources.com\/blog\/wp-content\/uploads\/2014\/09\/image-point-bascule.jpg\" alt=\"\" width=\"299\" height=\"249\" \/><\/a><strong>T\u00e9l\u00e9sommet du d\u00e9veloppement personnel<br \/>\n<\/strong><strong>Du 24 au 30 septembre<\/strong><br \/>\n&#8211; <a href=\"http:\/\/www.developpementpersonnel.tv\/\">http:\/\/www.developpementpersonnel.tv\/<\/a><\/p>\n<p><em><span style=\"color: #000080;\">30 histoires de transformation qui pourraient changer votre vie.<\/span><\/em><\/p>\n<p>Propos\u00e9 par Annie Laforest<br \/>\nOrganisatrice du T\u00e9l\u00e9sommet et Fondatrice de Conversation Papillon<\/p>\n<p><strong><br \/>\nLe scandale absolu de la v\u00e9rit\u00e9<br \/>\nParcours d\u2019un philosophe et d\u2019un libre penseur du XXIe si\u00e8cle<br \/>\npar ANDR\u00c9 MOREAU<\/strong><br \/>\nEn 1968, c\u2019est toujours la Grande Noirceur au Qu\u00e9bec, la police cours encore apr\u00e8s les philosophes et ceux-ci cherchent \u00e0 lui \u00e9chapper, la confrontation est in\u00e9vitable. Ce matin-l\u00e0, je me suis lev\u00e9 tr\u00e8s t\u00f4t. J\u2019\u00e9tais en train de prendre mon caf\u00e9 quand j\u2019ai re\u00e7u un t\u00e9l\u00e9gramme de la direction du C\u00c9GEP confirmant l\u2019annulation de ma conf\u00e9rence. Les parents, devenus hyst\u00e9riques, se sont r\u00e9unis d\u2019urgence la nuit derni\u00e8re pour \u00e9tablir un plan d\u2019action au cas o\u00f9 celui de la police \u00e9chouerait. C\u2019\u00e9tait la crise totale\u2026 \u00e0 l\u2019ext\u00e9rieur comme \u00e0 l\u2019int\u00e9rieur. Moi qui croyais qu\u2019apr\u00e8s mes \u00e9tudes post-doctorales \u00e0 la Sorbonne, j\u2019\u00e9tais destin\u00e9 \u00e0 enseigner paisiblement.<\/p>\n<p><strong>Un \u00e9tat spontan\u00e9 d\u2019illumination<br \/>\nUne voie de transformation, une vie consciente<br \/>\npar Dr RICHARD MOSS<\/strong><br \/>\nEn 1977, Richard Moss pratiquait la m\u00e9decine quand il fit l\u2019exp\u00e9rience d\u2019un \u00e9tat spontan\u00e9 d\u2019illumination qui changea sa vie de fa\u00e7on irr\u00e9versible et transforma profond\u00e9ment sa compr\u00e9hension de la conscience et du comportement humains. Avec cette ouverture advint un nouveau niveau de sensibilit\u00e9 incluant une intuition sup\u00e9rieure, une perception subtile des enseignements mystiques et spirituels, ainsi que la capacit\u00e9 de sentir les champs d\u2019\u00e9nergie du corps. Port\u00e9 par cette intense ouverture qui exigeait un continuel examen de soi, il prit une ann\u00e9e sabbatique dans sa pratique m\u00e9dicale et entama cette p\u00e9riode en suspendant ses activit\u00e9s habituelles. Pendant ce temps, il observa attentivement la nouvelle qualit\u00e9 d\u2019\u00e9nergie circulant dans son corps et la mani\u00e8re dont ses pens\u00e9es g\u00e9n\u00e9raient instantan\u00e9ment \u00e9motions et sensations. Sa pratique se transforma aussit\u00f4t.<\/p>\n<p><strong>Le seuil et l\u2019escalier<br \/>\nRetrouver tout ce que l\u2019on sait encore \u00e0 7 ans<br \/>\npar MAUD S\u00c9JOURNANT<\/strong><br \/>\nMon premier point de bascule est survenu lorsque j\u2019avais 7 ans. J\u2019eus soudain l\u2019impression de passer \u00ab de l\u2019autre c\u00f4t\u00e9 \u00bb, d\u2019entrer dans un autre univers. J\u2019eus l\u2019exp\u00e9rience de l\u2019infini, de l\u2019\u00e9ternel, o\u00f9 toute activit\u00e9 mentale s\u2019arr\u00eate. Un sentiment d\u2019\u00e9merveillement me remplit. Je sus alors tout ce que l\u2019on peut \u00eatre vraiment. Depuis je n\u2019ai eu de cesse de retrouver cet espace-temps ineffable. Je traversai deux fois l\u2019oc\u00e9an atlantique pour me retrouver au Nouveau-Mexique. Mes deuxi\u00e8mes retrouvailles avec cet espace se firent \u00e0 travers la personne de don Miguel Ruiz qui m\u2019a accueilli en me disant avec son accent espagnol: \u201cYou arrrrre an angel\u201d !<\/p>\n<p><strong>D\u2019enfant soldat \u00e0 ambassadrice de Paix<br \/>\nTransformer les \u00e9tats de guerre en soi<br \/>\npar ANTOINETTE LAYOUN<br \/>\n<\/strong>Ancienne enfant soldat de la guerre civile au Liban, j\u2019ai \u00e9t\u00e9 t\u00e9moin de la destruction, de l\u2019horreur et de la souffrance. Plac\u00e9e beaucoup trop jeune devant la mort, la haine et la col\u00e8re, j\u2019ai finalement rencontr\u00e9 la Vie. Au d\u00e9but, j\u2019ai voulu changer le monde jusqu\u2019au jour o\u00f9 j\u2019ai commenc\u00e9 \u00e0 changer le mien. Aujourd\u2019hui, je suis la repr\u00e9sentante de la mission paix pour la F\u00e9d\u00e9ration francophone de yoga. En 2011, j\u2019ai \u00e9t\u00e9 une invit\u00e9e d\u2019honneur \u00e0 un rassemblement mondial pour la paix en Europe. En 2014, j\u2019ai \u00e9t\u00e9 une invit\u00e9e d\u2019honneur en Inde, comme ambassadrice de paix pour un rassemblement mondial. Avec le temps, j\u2019ai d\u00e9couvert l\u2019art de la transmutation \u00e9motionnelle ce qui me permet aujourd\u2019hui d\u2019accompagner les autres \u00e0 reconna\u00eetre leurs guerres int\u00e9rieures ou les conflits qu\u2019ils entretiennent inconsciemment avec eux-m\u00eames et les autres. Nous avons tous des guerres int\u00e9rieures et relationnelles \u00e0 gu\u00e9rir et le changement doit commencer par soi-m\u00eame.<\/p>\n<p><strong>Et si toute crise \u00e9tait un cadeau ?<br \/>\nOu comment faire obstin\u00e9ment confiance \u00e0 la vie !<br \/>\npar OLIVIER MASSELOT<\/strong><br \/>\nMa premi\u00e8re bascule importante a eu lieu lors d\u2019une exp\u00e9rience collective qui a fortement donn\u00e9 un sens \u00e0 une NDE (Exp\u00e9rience de mort imminente) v\u00e9cue \u00e0 4 ans. Cette prise de conscience de la \u00ab structure du monde\u00bb a radicalement chang\u00e9 ma fa\u00e7on de voir ma vie. La seconde s\u2019est produite tout r\u00e9cemment. J\u2019avais commenc\u00e9 \u00e0 traduire et d\u00e9velopper le bestseller \u00abTransurfing\u00bb en 2009, tout s\u2019\u00e9tait enchain\u00e9 \u00e0 la vitesse \u00e9clair. Gros succ\u00e8s des vid\u00e9os de la premi\u00e8re conf\u00e9rence, demande incroyable de la part de participants en provenance de partout dans la francophonie, stages et sollicitations multiples pour devenir formateur \u00abTransurfing\u00bb, et j\u2019en passe. J\u2019ai alors cru que j\u2019\u00e9tais un chef d\u2019entreprise. Pourtant non ! Apr\u00e8s plusieurs ann\u00e9es de travail forcen\u00e9, un choc \u00e9conomique m\u2019a fait \u00e0 nouveau consid\u00e9rer ma vie diff\u00e9remment et y remettre de l\u2019humilit\u00e9.<\/p>\n<p><strong>Et 25 autres conf\u00e9renciers&#8230;<br \/>\n&#8211; <\/strong><a href=\"http:\/\/www.developpementpersonnel.tv\/\"><strong>http:\/\/www.developpementpersonnel.tv\/<\/strong><\/a><\/p>\n<a href='http:\/\/twitter.com\/share' class='twitter-share-button' data-text='T\u00e9l\u00e9sommet du d\u00e9veloppement personnel. 24-30 sept 2014.' data-url='https:\/\/www.psycho-ressources.com\/blog\/?p=5269' data-counturl='https:\/\/www.psycho-ressources.com\/blog\/telesommet-du-developpement-personnel-2014\/' data-count='horizontal' data-via='LesPSY'>Tweet<\/a>","protected":false},"excerpt":{"rendered":"<p>T\u00e9l\u00e9sommet du d\u00e9veloppement personnel Du 24 au 30 septembre &#8211; http:\/\/www.developpementpersonnel.tv\/ 30 histoires de transformation qui pourraient changer votre vie. Propos\u00e9 par Annie Laforest Organisatrice du T\u00e9l\u00e9sommet et Fondatrice de Conversation Papillon Le scandale absolu de la v\u00e9rit\u00e9 Parcours d\u2019un &hellip; <a href=\"https:\/\/www.psycho-ressources.com\/blog\/telesommet-du-developpement-personnel-2014\/\">Continuer la lecture <span class=\"meta-nav\">&rarr;<\/span><\/a><\/p>\n","protected":false},"author":1,"featured_media":0,"comment_status":"closed","ping_status":"closed","sticky":false,"template":"","format":"standard","meta":{"_monsterinsights_skip_tracking":false,"_monsterinsights_sitenote_active":false,"_monsterinsights_sitenote_note":"","_monsterinsights_sitenote_category":0,"footnotes":""},"categories":[18],"tags":[2162,289,108,78,2161,75,472],"class_list":["post-5269","post","type-post","status-publish","format-standard","hentry","category-actualites-psychologie","tag-bascule","tag-conference","tag-developpement-personnel","tag-histoire","tag-telesommet","tag-temoignage","tag-transformation"],"aioseo_notices":[],"_links":{"self":[{"href":"https:\/\/www.psycho-ressources.com\/blog\/wp-json\/wp\/v2\/posts\/5269","targetHints":{"allow":["GET"]}}],"collection":[{"href":"https:\/\/www.psycho-ressources.com\/blog\/wp-json\/wp\/v2\/posts"}],"about":[{"href":"https:\/\/www.psycho-ressources.com\/blog\/wp-json\/wp\/v2\/types\/post"}],"author":[{"embeddable":true,"href":"https:\/\/www.psycho-ressources.com\/blog\/wp-json\/wp\/v2\/users\/1"}],"replies":[{"embeddable":true,"href":"https:\/\/www.psycho-ressources.com\/blog\/wp-json\/wp\/v2\/comments?post=5269"}],"version-history":[{"count":3,"href":"https:\/\/www.psycho-ressources.com\/blog\/wp-json\/wp\/v2\/posts\/5269\/revisions"}],"predecessor-version":[{"id":5273,"href":"https:\/\/www.psycho-ressources.com\/blog\/wp-json\/wp\/v2\/posts\/5269\/revisions\/5273"}],"wp:attachment":[{"href":"https:\/\/www.psycho-ressources.com\/blog\/wp-json\/wp\/v2\/media?parent=5269"}],"wp:term":[{"taxonomy":"category","embeddable":true,"href":"https:\/\/www.psycho-ressources.com\/blog\/wp-json\/wp\/v2\/categories?post=5269"},{"taxonomy":"post_tag","embeddable":true,"href":"https:\/\/www.psycho-ressources.com\/blog\/wp-json\/wp\/v2\/tags?post=5269"}],"curies":[{"name":"wp","href":"https:\/\/api.w.org\/{rel}","templated":true}]}}