{"id":4998,"date":"2014-05-17T19:58:33","date_gmt":"2014-05-17T23:58:33","guid":{"rendered":"https:\/\/aws.psycho-ressources.com\/blog\/?p=4998"},"modified":"2017-05-09T16:25:13","modified_gmt":"2017-05-09T20:25:13","slug":"stage-voix-conscience","status":"publish","type":"post","link":"https:\/\/www.psycho-ressources.com\/blog\/stage-voix-conscience\/","title":{"rendered":"Stage Voix : Chemin de Conscience (Juillet 2014, Ard\u00e8che, Fr.)"},"content":{"rendered":"<p><strong>Stage voix : chemin de conscience<\/strong><\/p>\n<p>du 12 au 16 juillet Aux Amanins en dr\u00f4me ou\u00a0 du 27 juillet au 2 aout au Domaine du Taill\u00e9 en Ard\u00e8che<\/p>\n<p>Anim\u00e9 par Sophie Dubois Musicoth\u00e9rapeute, th\u00e9rapie vocale, psychoth\u00e9rapie transpersonnelle<\/p>\n<p>Notre voix r\u00e9v\u00e8le notre intime et refl\u00e8te notre \u00eatre le plus profond. En nous reliant entre ciel et terre, en lib\u00e9rant nos blocages \u00e9motionnels ou \u00e9nerg\u00e9tiques, nous contactons la libert\u00e9 de notre \u00abEtre chantant\u00bb. Cela permet une ouverture aux possibilit\u00e9s de transformation et d\u2019\u00e9volution et \u00e0 ce qu\u2019il y a de plus grand et de plus beau en Soi&#8230; avec la joie du cheminement vers plus de pr\u00e9sence et de conscience \u00e0 ce qui est.<\/p>\n<p>Improvisation, chants spontan\u00e9s, chants du monde, chants sacr\u00e9s,\u00a0 vocalises et l\u2019ouverture \u00e0 d\u2019autre sources d&rsquo;inspiration, telle que la m\u00e9ditation, la sensorialit\u00e9 des 5 sens, le collage, la danse libre et les techniques psycho-musicales permettent ainsi de r\u00e9v\u00e9ler notre cr\u00e9ativit\u00e9 et ce qui est au c\u0153ur m\u00eame du sacr\u00e9 de la vie.<\/p>\n<p>La s\u00e9r\u00e9nit\u00e9 du lieu et de la nature environnante, les moments de d\u00e9tente, viendront compl\u00e9ter ce stage de fa\u00e7on \u00e0 vous apporter un mieux-\u00eatre lib\u00e9rateur. Une pause au coeur de l\u2019\u00e9t\u00e9 pour se ressourcer et se retrouver&#8230; l\u2019approche psycho-corporelle et artistique qui jalonne ce stage, permettront de lever les blocages en favorisant une d\u00e9marche compl\u00e9mentaire d\u2019une th\u00e9rapie ou d\u2019un travail vocal traditionnel.<br \/>\nretrouvez ttes les infos sur le site <a href=\"http:\/\/www.sophiedubois.fr\/\">www.sophiedubois.fr<\/a> ou au 06.64.25.52.32<\/p>\n<p><em><strong>Sophie Dubois, Musicoth\u00e9rapeute, Th\u00e9rapeute Psycho-Corporelle<\/strong><\/em><br \/>\n&#8211; <a href=\"https:\/\/www.psycho-ressources.com\/musicotherapeute\/montelimar\/sophie-dubois.html\">https:\/\/www.psycho-ressources.com\/musicotherapeute\/montelimar\/sophie-dubois.html<\/a><\/p>\n<a href='http:\/\/twitter.com\/share' class='twitter-share-button' data-text='Stage Voix : Chemin de Conscience (Juillet 2014, Ard\u00e8che, Fr.)' data-url='https:\/\/www.psycho-ressources.com\/blog\/?p=4998' data-counturl='https:\/\/www.psycho-ressources.com\/blog\/stage-voix-conscience\/' data-count='horizontal' data-via='LesPSY'>Tweet<\/a>","protected":false},"excerpt":{"rendered":"<p>Stage voix : chemin de conscience du 12 au 16 juillet Aux Amanins en dr\u00f4me ou\u00a0 du 27 juillet au 2 aout au Domaine du Taill\u00e9 en Ard\u00e8che Anim\u00e9 par Sophie Dubois Musicoth\u00e9rapeute, th\u00e9rapie vocale, psychoth\u00e9rapie transpersonnelle Notre voix r\u00e9v\u00e8le &hellip; <a href=\"https:\/\/www.psycho-ressources.com\/blog\/stage-voix-conscience\/\">Continuer la lecture <span class=\"meta-nav\">&rarr;<\/span><\/a><\/p>\n","protected":false},"author":1,"featured_media":0,"comment_status":"closed","ping_status":"closed","sticky":false,"template":"","format":"standard","meta":{"_monsterinsights_skip_tracking":false,"_monsterinsights_sitenote_active":false,"_monsterinsights_sitenote_note":"","_monsterinsights_sitenote_category":0,"footnotes":""},"categories":[10],"tags":[842,60,139,223,467,1572,182,54,315],"class_list":["post-4998","post","type-post","status-publish","format-standard","hentry","category-ateliers-croissance","tag-chant","tag-conscience","tag-etre","tag-liberte","tag-musicotherapeute","tag-musique","tag-stage","tag-therapie","tag-voix"],"aioseo_notices":[],"_links":{"self":[{"href":"https:\/\/www.psycho-ressources.com\/blog\/wp-json\/wp\/v2\/posts\/4998","targetHints":{"allow":["GET"]}}],"collection":[{"href":"https:\/\/www.psycho-ressources.com\/blog\/wp-json\/wp\/v2\/posts"}],"about":[{"href":"https:\/\/www.psycho-ressources.com\/blog\/wp-json\/wp\/v2\/types\/post"}],"author":[{"embeddable":true,"href":"https:\/\/www.psycho-ressources.com\/blog\/wp-json\/wp\/v2\/users\/1"}],"replies":[{"embeddable":true,"href":"https:\/\/www.psycho-ressources.com\/blog\/wp-json\/wp\/v2\/comments?post=4998"}],"version-history":[{"count":2,"href":"https:\/\/www.psycho-ressources.com\/blog\/wp-json\/wp\/v2\/posts\/4998\/revisions"}],"predecessor-version":[{"id":8729,"href":"https:\/\/www.psycho-ressources.com\/blog\/wp-json\/wp\/v2\/posts\/4998\/revisions\/8729"}],"wp:attachment":[{"href":"https:\/\/www.psycho-ressources.com\/blog\/wp-json\/wp\/v2\/media?parent=4998"}],"wp:term":[{"taxonomy":"category","embeddable":true,"href":"https:\/\/www.psycho-ressources.com\/blog\/wp-json\/wp\/v2\/categories?post=4998"},{"taxonomy":"post_tag","embeddable":true,"href":"https:\/\/www.psycho-ressources.com\/blog\/wp-json\/wp\/v2\/tags?post=4998"}],"curies":[{"name":"wp","href":"https:\/\/api.w.org\/{rel}","templated":true}]}}