{"id":2964,"date":"2012-06-10T11:57:33","date_gmt":"2012-06-10T15:57:33","guid":{"rendered":"https:\/\/aws.psycho-ressources.com\/blog\/?p=2964"},"modified":"2012-06-10T11:57:33","modified_gmt":"2012-06-10T15:57:33","slug":"loi-21-psychotherapie","status":"publish","type":"post","link":"https:\/\/www.psycho-ressources.com\/blog\/loi-21-psychotherapie\/","title":{"rendered":"Communiqu\u00e9 OPQ &#8211; Projet de loi 21 &#8211; Psychoth\u00e9rapie"},"content":{"rendered":"<p><a href=\"https:\/\/aws.psycho-ressources.com\/blog\/wp-content\/uploads\/2012\/06\/logo-ordre-des-psy2.jpg\"><img loading=\"lazy\" decoding=\"async\" class=\"alignleft size-full wp-image-2966\" title=\"logo-ordre-des-psy\" src=\"https:\/\/aws.psycho-ressources.com\/blog\/wp-content\/uploads\/2012\/06\/logo-ordre-des-psy2.jpg\" alt=\"\" width=\"298\" height=\"102\" \/><\/a>Adopt\u00e9 par l\u2019Assembl\u00e9e nationale, le projet de loi 21 pr\u00e9voit un nouveau partage des champs d&rsquo;exercice professionnels dans le domaine de la sant\u00e9 mentale et des relations humaines pour, notamment, la profession de psychologue, de travailleur social, de th\u00e9rapeute conjugal et familial, de conseiller d&rsquo;orientation et de psycho\u00e9ducateur.<br \/>\n\u00a0<br \/>\nLe projet de loi inclut \u00e9galement dans l&rsquo;exercice de ces professions les activit\u00e9s d&rsquo;information, de promotion et de pr\u00e9vention communes \u00e0 l&rsquo;exercice de certaines professions de la sant\u00e9. Il introduit la pr\u00e9vention du suicide parmi les activit\u00e9s de pr\u00e9vention. Il \u00e9tablit \u00e9galement pour les membres de certains ordres professionnels une r\u00e9serve d&rsquo;exercice pour des activit\u00e9s \u00e0 risque de pr\u00e9judice dans le domaine de la sant\u00e9 mentale et des relations humaines.<br \/>\n\u00a0<br \/>\nFinalement, le projet de loi vient mettre fin \u00e0 l\u2019ambigu\u00eft\u00e9 qui r\u00e9gnait dans le secteur de la psychoth\u00e9rapie, une situation largement d\u00e9cri\u00e9e par les professionnels, par les regroupements d\u2019usagers en sant\u00e9 mentale et par les m\u00e9dias. Il pr\u00e9voit une d\u00e9finition de la psychoth\u00e9rapie, une r\u00e9serve de la pratique et du titre de psychoth\u00e9rapeute aux m\u00e9decins, aux psychologues et aux membres de certains ordres professionnels, la gestion du permis par l&rsquo;Ordre des psychologues du Qu\u00e9bec et la cr\u00e9ation d&rsquo;un conseil consultatif interdisciplinaire sur l&rsquo;exercice de la psychoth\u00e9rapie.<br \/>\n\u00a0<br \/>\nUn conseil consultatif interdisciplinaire sur l\u2019exercice de la psychoth\u00e9rapie a \u00e9t\u00e9 institu\u00e9 au sein de l\u2019Ordre des psychologues. Son mandat est de donner des avis et de faire des recommandations \u00e0 l\u2019Office des professions au sujet des projets de r\u00e8glements de celui-ci vis\u00e9s par le projet de loi n\u00b0 21. Ce conseil se prononce \u00e9galement sur toute autre question relative \u00e0 l\u2019exercice de la psychoth\u00e9rapie que l\u2019Office des professions ou le Bureau des ordres concern\u00e9s jugeront opportun de lui soumettre.<br \/>\n\u00a0<br \/>\nCe projet de loi vise l\u2019accessibilit\u00e9 comp\u00e9tente du public \u00e0 des services en psychoth\u00e9rapie ainsi que la protection du public.<br \/>\n\u00a0<br \/>\n<strong>Ordre des psychologues du Qu\u00e9bec (OPQ)<\/strong><br \/>\nQu\u00e9bec, Canada<\/p>\n<p>Nous vous invitons \u00e0 consulter le projet de loi 21 dans son int\u00e9grit\u00e9.<br \/>\n<strong>Loi modifiant le Code des professions et d&rsquo;autres dispositions l\u00e9gislatives dans le domaine de la sant\u00e9 mentale et des relations humaines.<\/strong><br \/>\n&#8211; <a href=\"https:\/\/www.psycho-ressources.com\/loi-21-psychotherapie.pdf\">https:\/\/www.psycho-ressources.com\/loi-21-psychotherapie.pdf<\/a><\/p>\n<p><strong>\u00c0 propos de l&rsquo;Ordre.<\/strong><br \/>\nLa principale mission de l\u2019Ordre des psychologues du Qu\u00e9bec est la protection du public. Pour ce faire, l\u2019Ordre s&rsquo;assure de la qualit\u00e9 des services offerts par les membres, favorise le d\u00e9veloppement de la profession et d\u00e9fend l&rsquo;accessibilit\u00e9 aux services psychologiques.<\/p>\n<a href='http:\/\/twitter.com\/share' class='twitter-share-button' data-text='Communiqu\u00e9 OPQ - Projet de loi 21 - Psychoth\u00e9rapie' data-url='https:\/\/www.psycho-ressources.com\/blog\/?p=2964' data-counturl='https:\/\/www.psycho-ressources.com\/blog\/loi-21-psychotherapie\/' data-count='horizontal' data-via='LesPSY'>Tweet<\/a>","protected":false},"excerpt":{"rendered":"<p>Adopt\u00e9 par l\u2019Assembl\u00e9e nationale, le projet de loi 21 pr\u00e9voit un nouveau partage des champs d&rsquo;exercice professionnels dans le domaine de la sant\u00e9 mentale et des relations humaines pour, notamment, la profession de psychologue, de travailleur social, de th\u00e9rapeute conjugal &hellip; <a href=\"https:\/\/www.psycho-ressources.com\/blog\/loi-21-psychotherapie\/\">Continuer la lecture <span class=\"meta-nav\">&rarr;<\/span><\/a><\/p>\n","protected":false},"author":1,"featured_media":0,"comment_status":"closed","ping_status":"closed","sticky":false,"template":"","format":"standard","meta":{"_monsterinsights_skip_tracking":false,"_monsterinsights_sitenote_active":false,"_monsterinsights_sitenote_note":"","_monsterinsights_sitenote_category":0,"footnotes":""},"categories":[18],"tags":[1326,1319,1137,1328,106,42,38,275,1327],"class_list":["post-2964","post","type-post","status-publish","format-standard","hentry","category-actualites-psychologie","tag-loi-21","tag-ordre","tag-professionnel","tag-professions","tag-psychologues","tag-psychotherapie-2","tag-sante","tag-services","tag-sociaux"],"aioseo_notices":[],"_links":{"self":[{"href":"https:\/\/www.psycho-ressources.com\/blog\/wp-json\/wp\/v2\/posts\/2964","targetHints":{"allow":["GET"]}}],"collection":[{"href":"https:\/\/www.psycho-ressources.com\/blog\/wp-json\/wp\/v2\/posts"}],"about":[{"href":"https:\/\/www.psycho-ressources.com\/blog\/wp-json\/wp\/v2\/types\/post"}],"author":[{"embeddable":true,"href":"https:\/\/www.psycho-ressources.com\/blog\/wp-json\/wp\/v2\/users\/1"}],"replies":[{"embeddable":true,"href":"https:\/\/www.psycho-ressources.com\/blog\/wp-json\/wp\/v2\/comments?post=2964"}],"version-history":[{"count":2,"href":"https:\/\/www.psycho-ressources.com\/blog\/wp-json\/wp\/v2\/posts\/2964\/revisions"}],"predecessor-version":[{"id":2968,"href":"https:\/\/www.psycho-ressources.com\/blog\/wp-json\/wp\/v2\/posts\/2964\/revisions\/2968"}],"wp:attachment":[{"href":"https:\/\/www.psycho-ressources.com\/blog\/wp-json\/wp\/v2\/media?parent=2964"}],"wp:term":[{"taxonomy":"category","embeddable":true,"href":"https:\/\/www.psycho-ressources.com\/blog\/wp-json\/wp\/v2\/categories?post=2964"},{"taxonomy":"post_tag","embeddable":true,"href":"https:\/\/www.psycho-ressources.com\/blog\/wp-json\/wp\/v2\/tags?post=2964"}],"curies":[{"name":"wp","href":"https:\/\/api.w.org\/{rel}","templated":true}]}}